{"id":24297,"date":"2025-05-31T17:15:10","date_gmt":"2025-05-31T17:15:10","guid":{"rendered":"https:\/\/www.seb.gov.co\/?p=24297"},"modified":"2025-06-26T06:01:58","modified_gmt":"2025-06-26T06:01:58","slug":"bucaramanga-participa-en-la-aplicacion-de-las-pruebas-formativas-quiero-ser-quier-saber-del-icfes","status":"publish","type":"post","link":"https:\/\/www.seb.gov.co\/index.php\/2025\/05\/31\/bucaramanga-participa-en-la-aplicacion-de-las-pruebas-formativas-quiero-ser-quier-saber-del-icfes\/","title":{"rendered":"Bucaramanga participa en la aplicaci\u00f3n de las pruebas formativas \u00abQuiero Ser, Quier Saber\u00bb del ICFES."},"content":{"rendered":"\n<p>Con el fin de desarrollar la estrategia nacional para el fortalecimiento de la calidad educativa, la ciudad de Bucaramanga recibi\u00f3 hoy la visita del Instituto Colombiano para la Evaluaci\u00f3n de la Educaci\u00f3n (ICFES) con el objetivo de aplicar las pruebas formativas \u201cQuiero Ser, Quiero Saber\u201d en la Instituci\u00f3n Educativa Promoci\u00f3n Social.<\/p>\n\n\n\n<p>Esta aplicaci\u00f3n, dirigida a estudiantes de los grados quinto y noveno, busca realizar una valoraci\u00f3n del aprendizaje en distintos momentos del a\u00f1o 2025. Al tratarse de una evaluaci\u00f3n formativa, su prop\u00f3sito no es calificar, sino ofrecer informaci\u00f3n cualitativa que permita analizar el desarrollo de competencias y conocimientos clave en el proceso educativo.<\/p>\n\n\n\n<p>La aplicaci\u00f3n de estas pruebas se desarrollar\u00e1 en varias fases a lo largo del a\u00f1o, permitiendo hacer seguimiento al avance de los estudiantes y promover mejoras continuas en las pr\u00e1cticas pedag\u00f3gicas.<\/p>\n\n\n\n<p>Adem\u00e1s, en un paso significativo hacia la inclusi\u00f3n, el ICFES ha dispuesto que estas pruebas puedan aplicarse en cuatro lenguas nativas, lo que permitir\u00e1 a estudiantes de comunidades ind\u00edgenas presentar el examen en su lengua de origen. Asimismo, se contar\u00e1 con int\u00e9rpretes de lengua de se\u00f1as colombiana, garantizando el acceso de estudiantes sordos a esta importante herramienta de evaluaci\u00f3n.<\/p>\n\n\n\n<p>Desde la Secretar\u00eda de Educaci\u00f3n de Bucaramanga reiteramos nuestro compromiso con una educaci\u00f3n inclusiva, equitativa y de calidad para todos los ni\u00f1os, ni\u00f1as y j\u00f3venes del municipio. Las pruebas \u201cQuiero Ser, Quiero Saber\u201d representan una oportunidad valiosa para seguir avanzando hacia una escuela que acompa\u00f1a, orienta y transforma.<\/p>\n\n\n<figure class=\"wp-block-post-featured-image\"><img loading=\"lazy\" width=\"2560\" height=\"1460\" src=\"https:\/\/www.seb.gov.co\/wp-content\/uploads\/2025\/05\/IMG_00450-scaled.jpg\" class=\"attachment-post-thumbnail size-post-thumbnail wp-post-image\" alt=\"\" decoding=\"async\" style=\"object-fit:cover;\" srcset=\"https:\/\/www.seb.gov.co\/wp-content\/uploads\/2025\/05\/IMG_00450-scaled.jpg 2560w, https:\/\/www.seb.gov.co\/wp-content\/uploads\/2025\/05\/IMG_00450-300x171.jpg 300w, https:\/\/www.seb.gov.co\/wp-content\/uploads\/2025\/05\/IMG_00450-1024x584.jpg 1024w, https:\/\/www.seb.gov.co\/wp-content\/uploads\/2025\/05\/IMG_00450-768x438.jpg 768w, https:\/\/www.seb.gov.co\/wp-content\/uploads\/2025\/05\/IMG_00450-1536x876.jpg 1536w\" sizes=\"(max-width: 2560px) 100vw, 2560px\" \/><\/figure>\n\n<figure class=\"wp-block-post-featured-image\"><img loading=\"lazy\" width=\"2560\" height=\"1460\" src=\"https:\/\/www.seb.gov.co\/wp-content\/uploads\/2025\/05\/IMG_00450-scaled.jpg\" class=\"attachment-post-thumbnail size-post-thumbnail wp-post-image\" alt=\"\" decoding=\"async\" style=\"object-fit:cover;\" srcset=\"https:\/\/www.seb.gov.co\/wp-content\/uploads\/2025\/05\/IMG_00450-scaled.jpg 2560w, https:\/\/www.seb.gov.co\/wp-content\/uploads\/2025\/05\/IMG_00450-300x171.jpg 300w, https:\/\/www.seb.gov.co\/wp-content\/uploads\/2025\/05\/IMG_00450-1024x584.jpg 1024w, https:\/\/www.seb.gov.co\/wp-content\/uploads\/2025\/05\/IMG_00450-768x438.jpg 768w, https:\/\/www.seb.gov.co\/wp-content\/uploads\/2025\/05\/IMG_00450-1536x876.jpg 1536w\" sizes=\"(max-width: 2560px) 100vw, 2560px\" \/><\/figure>\n\n<figure class=\"wp-block-post-featured-image\"><img loading=\"lazy\" width=\"2560\" height=\"1460\" src=\"https:\/\/www.seb.gov.co\/wp-content\/uploads\/2025\/05\/IMG_00450-scaled.jpg\" class=\"attachment-post-thumbnail size-post-thumbnail wp-post-image\" alt=\"\" decoding=\"async\" style=\"object-fit:cover;\" srcset=\"https:\/\/www.seb.gov.co\/wp-content\/uploads\/2025\/05\/IMG_00450-scaled.jpg 2560w, https:\/\/www.seb.gov.co\/wp-content\/uploads\/2025\/05\/IMG_00450-300x171.jpg 300w, https:\/\/www.seb.gov.co\/wp-content\/uploads\/2025\/05\/IMG_00450-1024x584.jpg 1024w, https:\/\/www.seb.gov.co\/wp-content\/uploads\/2025\/05\/IMG_00450-768x438.jpg 768w, https:\/\/www.seb.gov.co\/wp-content\/uploads\/2025\/05\/IMG_00450-1536x876.jpg 1536w\" sizes=\"(max-width: 2560px) 100vw, 2560px\" \/><\/figure>","protected":false},"excerpt":{"rendered":"<p>Con el fin de desarrollar la estrategia nacional para el fortalecimiento de la calidad educativa, la ciudad de Bucaramanga recibi\u00f3 hoy la visita del Instituto Colombiano para la Evaluaci\u00f3n de la Educaci\u00f3n (ICFES) con el objetivo de aplicar las pruebas formativas \u201cQuiero Ser, Quiero Saber\u201d en la Instituci\u00f3n Educativa Promoci\u00f3n Social. Esta aplicaci\u00f3n, dirigida a [&hellip;]<\/p>\n","protected":false},"author":17,"featured_media":24298,"comment_status":"closed","ping_status":"closed","sticky":true,"template":"","format":"standard","meta":{"_bbp_topic_count":0,"_bbp_reply_count":0,"_bbp_total_topic_count":0,"_bbp_total_reply_count":0,"_bbp_voice_count":0,"_bbp_anonymous_reply_count":0,"_bbp_topic_count_hidden":0,"_bbp_reply_count_hidden":0,"_bbp_forum_subforum_count":0,"footnotes":""},"categories":[142],"tags":[],"_links":{"self":[{"href":"https:\/\/www.seb.gov.co\/index.php\/wp-json\/wp\/v2\/posts\/24297"}],"collection":[{"href":"https:\/\/www.seb.gov.co\/index.php\/wp-json\/wp\/v2\/posts"}],"about":[{"href":"https:\/\/www.seb.gov.co\/index.php\/wp-json\/wp\/v2\/types\/post"}],"author":[{"embeddable":true,"href":"https:\/\/www.seb.gov.co\/index.php\/wp-json\/wp\/v2\/users\/17"}],"replies":[{"embeddable":true,"href":"https:\/\/www.seb.gov.co\/index.php\/wp-json\/wp\/v2\/comments?post=24297"}],"version-history":[{"count":4,"href":"https:\/\/www.seb.gov.co\/index.php\/wp-json\/wp\/v2\/posts\/24297\/revisions"}],"predecessor-version":[{"id":24302,"href":"https:\/\/www.seb.gov.co\/index.php\/wp-json\/wp\/v2\/posts\/24297\/revisions\/24302"}],"wp:featuredmedia":[{"embeddable":true,"href":"https:\/\/www.seb.gov.co\/index.php\/wp-json\/wp\/v2\/media\/24298"}],"wp:attachment":[{"href":"https:\/\/www.seb.gov.co\/index.php\/wp-json\/wp\/v2\/media?parent=24297"}],"wp:term":[{"taxonomy":"category","embeddable":true,"href":"https:\/\/www.seb.gov.co\/index.php\/wp-json\/wp\/v2\/categories?post=24297"},{"taxonomy":"post_tag","embeddable":true,"href":"https:\/\/www.seb.gov.co\/index.php\/wp-json\/wp\/v2\/tags?post=24297"}],"curies":[{"name":"wp","href":"https:\/\/api.w.org\/{rel}","templated":true}]}}