{"id":24104,"date":"2025-03-19T20:31:16","date_gmt":"2025-03-19T20:31:16","guid":{"rendered":"https:\/\/www.seb.gov.co\/?p=24104"},"modified":"2025-03-19T21:49:39","modified_gmt":"2025-03-19T21:49:39","slug":"ministerio-de-ciencia-tecnologia-e-innovacion-reconoce-al-grupo-de-investigacion-de-la-secretaria-de-educacion-de-bucaramanga","status":"publish","type":"post","link":"https:\/\/www.seb.gov.co\/index.php\/2025\/03\/19\/ministerio-de-ciencia-tecnologia-e-innovacion-reconoce-al-grupo-de-investigacion-de-la-secretaria-de-educacion-de-bucaramanga\/","title":{"rendered":"Ministerio de Ciencia, Tecnolog\u00eda e Innovaci\u00f3n reconoce al grupo de investigaci\u00f3n de la Secretar\u00eda de Educaci\u00f3n de Bucaramanga."},"content":{"rendered":"\n<figure class=\"wp-block-embed is-type-video is-provider-youtube wp-block-embed-youtube wp-embed-aspect-16-9 wp-has-aspect-ratio\"><div class=\"wp-block-embed__wrapper\">\n<iframe loading=\"lazy\" title=\"Certificaci\u00f3n grupo SEB investiga por Minciencias\" width=\"669\" height=\"376\" src=\"https:\/\/www.youtube.com\/embed\/_JAs-h9Rtiw?feature=oembed\" frameborder=\"0\" allow=\"accelerometer; autoplay; clipboard-write; encrypted-media; gyroscope; picture-in-picture; web-share\" referrerpolicy=\"strict-origin-when-cross-origin\" allowfullscreen><\/iframe>\n<\/div><\/figure>\n\n\n\n<p>La Secretar\u00eda de Educaci\u00f3n de Bucaramanga, en cabeza del alcalde de de Bucaramanga Jaime Andr\u00e9s Beltr\u00e1n Martinez se enorgullece en anunciar que su grupo de investigaci\u00f3n \u00abSEB Investiga\u00bb ha sido reconocido oficialmente por el Ministerio de Ciencia, Tecnolog\u00eda e Innovaci\u00f3n. Este reconocimiento destaca el compromiso de la secretar\u00eda por proveer a la comunidad educativa un servicio formativo pertinente, universal y equitativo a trav\u00e9s de sus Instituciones Educativas.<\/p>\n\n\n\n<p>El grupo de investigaci\u00f3n \u00abSEB Investiga\u00bb se convierte as\u00ed en la \u00fanica Secretar\u00eda de Educaci\u00f3n en Colombia que cuenta con una iniciativa de tal envergadura, la cual tiene como principal objetivo la consolidaci\u00f3n de experiencias investigativas. Este proceso pionero generar\u00e1 espacios innovadores para el intercambio de saberes, la difusi\u00f3n del conocimiento y la producci\u00f3n intelectual de docentes, directivos docentes y de la administraci\u00f3n del servicio educativo.<\/p>\n\n\n\n<p>La Secretar\u00eda de Educaci\u00f3n de Bucaramanga, en su avance por mejorar la calidad educativa, ha desarrollado este grupo que no solo transforma la ense\u00f1anza, sino que tambi\u00e9n contribuye al fortalecimiento de la comunidad educativa en su conjunto. El reconocimiento por parte del Ministerio de Ciencia, Tecnolog\u00eda e Innovaci\u00f3n es un testimonio del impacto positivo que el grupo \u00abSEB Investiga\u00bb est\u00e1 teniendo en nuestra ciudad y en el pa\u00eds.<\/p>\n\n\n\n<p>Este logro reafirma nuestro compromiso con la educaci\u00f3n y la investigaci\u00f3n, y nos impulsa a seguir trabajando por un futuro donde la equidad y la calidad sean pilares fundamentales en el \u00e1mbito educativo.<\/p>\n\n\n\n<h2 class=\"wp-block-heading\"><\/h2>\n","protected":false},"excerpt":{"rendered":"<p>La Secretar\u00eda de Educaci\u00f3n de Bucaramanga, en cabeza del alcalde de de Bucaramanga Jaime Andr\u00e9s Beltr\u00e1n Martinez se enorgullece en anunciar que su grupo de investigaci\u00f3n \u00abSEB Investiga\u00bb ha sido reconocido oficialmente por el Ministerio de Ciencia, Tecnolog\u00eda e Innovaci\u00f3n. Este reconocimiento destaca el compromiso de la secretar\u00eda por proveer a la comunidad educativa un [&hellip;]<\/p>\n","protected":false},"author":17,"featured_media":24109,"comment_status":"open","ping_status":"open","sticky":true,"template":"","format":"standard","meta":{"_bbp_topic_count":0,"_bbp_reply_count":0,"_bbp_total_topic_count":0,"_bbp_total_reply_count":0,"_bbp_voice_count":0,"_bbp_anonymous_reply_count":0,"_bbp_topic_count_hidden":0,"_bbp_reply_count_hidden":0,"_bbp_forum_subforum_count":0,"footnotes":""},"categories":[92],"tags":[],"_links":{"self":[{"href":"https:\/\/www.seb.gov.co\/index.php\/wp-json\/wp\/v2\/posts\/24104"}],"collection":[{"href":"https:\/\/www.seb.gov.co\/index.php\/wp-json\/wp\/v2\/posts"}],"about":[{"href":"https:\/\/www.seb.gov.co\/index.php\/wp-json\/wp\/v2\/types\/post"}],"author":[{"embeddable":true,"href":"https:\/\/www.seb.gov.co\/index.php\/wp-json\/wp\/v2\/users\/17"}],"replies":[{"embeddable":true,"href":"https:\/\/www.seb.gov.co\/index.php\/wp-json\/wp\/v2\/comments?post=24104"}],"version-history":[{"count":3,"href":"https:\/\/www.seb.gov.co\/index.php\/wp-json\/wp\/v2\/posts\/24104\/revisions"}],"predecessor-version":[{"id":24111,"href":"https:\/\/www.seb.gov.co\/index.php\/wp-json\/wp\/v2\/posts\/24104\/revisions\/24111"}],"wp:featuredmedia":[{"embeddable":true,"href":"https:\/\/www.seb.gov.co\/index.php\/wp-json\/wp\/v2\/media\/24109"}],"wp:attachment":[{"href":"https:\/\/www.seb.gov.co\/index.php\/wp-json\/wp\/v2\/media?parent=24104"}],"wp:term":[{"taxonomy":"category","embeddable":true,"href":"https:\/\/www.seb.gov.co\/index.php\/wp-json\/wp\/v2\/categories?post=24104"},{"taxonomy":"post_tag","embeddable":true,"href":"https:\/\/www.seb.gov.co\/index.php\/wp-json\/wp\/v2\/tags?post=24104"}],"curies":[{"name":"wp","href":"https:\/\/api.w.org\/{rel}","templated":true}]}}