{"id":24071,"date":"2025-03-13T19:59:16","date_gmt":"2025-03-13T19:59:16","guid":{"rendered":"https:\/\/www.seb.gov.co\/?p=24071"},"modified":"2025-03-19T20:18:39","modified_gmt":"2025-03-19T20:18:39","slug":"tercer-encuentro-de-salud-mental-en-bucaramanga-un-espacio-para-el-bienestar-universitario","status":"publish","type":"post","link":"https:\/\/www.seb.gov.co\/index.php\/2025\/03\/13\/tercer-encuentro-de-salud-mental-en-bucaramanga-un-espacio-para-el-bienestar-universitario\/","title":{"rendered":"Tercer Encuentro de Salud Mental en Bucaramanga: Un Espacio para el Bienestar Universitario"},"content":{"rendered":"\n<p class=\"has-medium-font-size\">Avanzamos promoviendo el bienestar y la salud mental entre los estudiantes de educaci\u00f3n superior, la Alcald\u00eda de Bucaramanga, liderada por el alcalde Jaime Andr\u00e9s Beltr\u00e1n Mart\u00ednez, dio la bienvenida a los j\u00f3venes becados que participaron en el tercer encuentro de salud mental. Este importante evento se llev\u00f3 a cabo en el auditorio de la Universidad Aut\u00f3noma de Bucaramanga (UNAB) y tuvo como objetivo fortalecer las capacidades de gesti\u00f3n emocional y resiliencia ante los retos de la vida acad\u00e9mica y personal.<\/p>\n\n\n\n<p class=\"has-medium-font-size\">Este tercer encuentro de salud mental se centra en la idea de que una buena salud mental es esencial para el \u00e9xito acad\u00e9mico y personal. Los estudiantes no solo participaron en conferencias y talleres, sino que tambi\u00e9n pudieron intercambiar experiencias y estrategias para gestionar sus emociones de manera efectiva.<\/p>\n\n\n\n<p class=\"has-medium-font-size\">La Alcald\u00eda de Bucaramanga reafirma su compromiso con la salud mental y el bienestar de los estudiantes de educaci\u00f3n superior, proporcionando recursos y oportunidades para que cada joven pueda desarrollarse plenamente en su entorno.<\/p>\n\n\n\n<div class=\"wp-block-group is-layout-constrained wp-block-group-is-layout-constrained\"><div class=\"wp-block-group__inner-container\">\n<div class=\"wp-block-columns is-layout-flex wp-container-3 wp-block-columns-is-layout-flex\">\n<div class=\"wp-block-column is-layout-flow wp-block-column-is-layout-flow\" style=\"flex-basis:100%\">\n<div class=\"wp-block-group is-vertical is-layout-flex wp-container-1 wp-block-group-is-layout-flex\">\n<figure class=\"wp-block-video\"><video controls src=\"https:\/\/www.seb.gov.co\/wp-content\/uploads\/2025\/03\/copy_B2441086-BA98-41BF-A3CF-50E8E09ACB5C-1.mov\"><\/video><\/figure>\n<\/div>\n<\/div>\n<\/div>\n<\/div><\/div>\n","protected":false},"excerpt":{"rendered":"<p>Avanzamos promoviendo el bienestar y la salud mental entre los estudiantes de educaci\u00f3n superior, la Alcald\u00eda de Bucaramanga, liderada por el alcalde Jaime Andr\u00e9s Beltr\u00e1n Mart\u00ednez, dio la bienvenida a los j\u00f3venes becados que participaron en el tercer encuentro de salud mental. Este importante evento se llev\u00f3 a cabo en el auditorio de la Universidad [&hellip;]<\/p>\n","protected":false},"author":17,"featured_media":24072,"comment_status":"closed","ping_status":"open","sticky":true,"template":"","format":"standard","meta":{"_bbp_topic_count":0,"_bbp_reply_count":0,"_bbp_total_topic_count":0,"_bbp_total_reply_count":0,"_bbp_voice_count":0,"_bbp_anonymous_reply_count":0,"_bbp_topic_count_hidden":0,"_bbp_reply_count_hidden":0,"_bbp_forum_subforum_count":0,"footnotes":""},"categories":[83],"tags":[86,162],"_links":{"self":[{"href":"https:\/\/www.seb.gov.co\/index.php\/wp-json\/wp\/v2\/posts\/24071"}],"collection":[{"href":"https:\/\/www.seb.gov.co\/index.php\/wp-json\/wp\/v2\/posts"}],"about":[{"href":"https:\/\/www.seb.gov.co\/index.php\/wp-json\/wp\/v2\/types\/post"}],"author":[{"embeddable":true,"href":"https:\/\/www.seb.gov.co\/index.php\/wp-json\/wp\/v2\/users\/17"}],"replies":[{"embeddable":true,"href":"https:\/\/www.seb.gov.co\/index.php\/wp-json\/wp\/v2\/comments?post=24071"}],"version-history":[{"count":10,"href":"https:\/\/www.seb.gov.co\/index.php\/wp-json\/wp\/v2\/posts\/24071\/revisions"}],"predecessor-version":[{"id":24103,"href":"https:\/\/www.seb.gov.co\/index.php\/wp-json\/wp\/v2\/posts\/24071\/revisions\/24103"}],"wp:featuredmedia":[{"embeddable":true,"href":"https:\/\/www.seb.gov.co\/index.php\/wp-json\/wp\/v2\/media\/24072"}],"wp:attachment":[{"href":"https:\/\/www.seb.gov.co\/index.php\/wp-json\/wp\/v2\/media?parent=24071"}],"wp:term":[{"taxonomy":"category","embeddable":true,"href":"https:\/\/www.seb.gov.co\/index.php\/wp-json\/wp\/v2\/categories?post=24071"},{"taxonomy":"post_tag","embeddable":true,"href":"https:\/\/www.seb.gov.co\/index.php\/wp-json\/wp\/v2\/tags?post=24071"}],"curies":[{"name":"wp","href":"https:\/\/api.w.org\/{rel}","templated":true}]}}