{"id":22878,"date":"2024-05-01T04:20:26","date_gmt":"2024-05-01T04:20:26","guid":{"rendered":"https:\/\/www.seb.gov.co\/?p=22878"},"modified":"2024-05-01T04:20:57","modified_gmt":"2024-05-01T04:20:57","slug":"comunicado-de-prensa","status":"publish","type":"post","link":"https:\/\/www.seb.gov.co\/index.php\/2024\/05\/01\/comunicado-de-prensa\/","title":{"rendered":"COMUNICADO DE PRENSA"},"content":{"rendered":"\n<p><strong>Bucaramanga, 30 de abril de 2024<\/strong><\/p>\n\n\n\n<p>La Secretaria de Educaci\u00f3n de Bucaramanga informa a la opini\u00f3n P\u00fablica que actualmente la prestaci\u00f3n del servicio del Programa de Alimentaci\u00f3n Escolar en el Municipio de Bucaramanga, beneficia a 36.107 estudiantes de Instituciones Educativas Oficiales y se est\u00e1 ejecutando en el marco del Contrato de Comisi\u00f3n No. 377 del 07\/12\/2022 y su vigencia se encuentra contemplada hasta el 31 de julio del a\u00f1o en curso de conformidad con el adicional No. 1 en valor y plazo al contrato anteriormente mencionado y adicional No. 1 en valor y plazo a las operaciones de mercado abierto No. 53087144 y 53086596 del 28\/12\/2022 suscrito el pasado 09 de abril de 2024.<\/p>\n\n\n\n<p>El se\u00f1or Alcalde Jaime Andr\u00e9s Beltr\u00e1n, ha dado continuidad al Programa de Alimentaci\u00f3n Escolar, garantizando las acciones que permitir\u00e1n contar con la importante estrategia de permanencia educativa hasta el \u00faltimo d\u00eda de clases del calendario acad\u00e9mico en el municipio de Bucaramanga.<\/p>\n\n\n\n<p><br>Solicitamos a los medios de comunicaci\u00f3n aclarar la informaci\u00f3n conterida en la noticia del d\u00eda de hoy, en la cual de manera equivocada se indica que el municipio de Bucaramanga no cuenta o dentro de poco tiempo no contar\u00e1, con el suministro de alimentaci\u00f3n escolar.<\/p>\n\n\n\n<p><br>Desde la administraci\u00f3n Municipal, estamos comprometidos con el programa PAE, con los ni\u00f1os, ni\u00f1as, adolescentes y j\u00f3venes. Es as\u00ed como, por ning\u00fan motivo permitiremos que la estrategia de alimentaci\u00f3n escolar se vea interrumpida.<\/p>\n","protected":false},"excerpt":{"rendered":"<p>Bucaramanga, 30 de abril de 2024 La Secretaria de Educaci\u00f3n de Bucaramanga informa a la opini\u00f3n P\u00fablica que actualmente la prestaci\u00f3n del servicio del Programa de Alimentaci\u00f3n Escolar en el Municipio de Bucaramanga, beneficia a 36.107 estudiantes de Instituciones Educativas Oficiales y se est\u00e1 ejecutando en el marco del Contrato de Comisi\u00f3n No. 377 del [&hellip;]<\/p>\n","protected":false},"author":1,"featured_media":22874,"comment_status":"open","ping_status":"open","sticky":true,"template":"","format":"standard","meta":{"_bbp_topic_count":0,"_bbp_reply_count":0,"_bbp_total_topic_count":0,"_bbp_total_reply_count":0,"_bbp_voice_count":0,"_bbp_anonymous_reply_count":0,"_bbp_topic_count_hidden":0,"_bbp_reply_count_hidden":0,"_bbp_forum_subforum_count":0,"footnotes":""},"categories":[1],"tags":[],"_links":{"self":[{"href":"https:\/\/www.seb.gov.co\/index.php\/wp-json\/wp\/v2\/posts\/22878"}],"collection":[{"href":"https:\/\/www.seb.gov.co\/index.php\/wp-json\/wp\/v2\/posts"}],"about":[{"href":"https:\/\/www.seb.gov.co\/index.php\/wp-json\/wp\/v2\/types\/post"}],"author":[{"embeddable":true,"href":"https:\/\/www.seb.gov.co\/index.php\/wp-json\/wp\/v2\/users\/1"}],"replies":[{"embeddable":true,"href":"https:\/\/www.seb.gov.co\/index.php\/wp-json\/wp\/v2\/comments?post=22878"}],"version-history":[{"count":1,"href":"https:\/\/www.seb.gov.co\/index.php\/wp-json\/wp\/v2\/posts\/22878\/revisions"}],"predecessor-version":[{"id":22879,"href":"https:\/\/www.seb.gov.co\/index.php\/wp-json\/wp\/v2\/posts\/22878\/revisions\/22879"}],"wp:featuredmedia":[{"embeddable":true,"href":"https:\/\/www.seb.gov.co\/index.php\/wp-json\/wp\/v2\/media\/22874"}],"wp:attachment":[{"href":"https:\/\/www.seb.gov.co\/index.php\/wp-json\/wp\/v2\/media?parent=22878"}],"wp:term":[{"taxonomy":"category","embeddable":true,"href":"https:\/\/www.seb.gov.co\/index.php\/wp-json\/wp\/v2\/categories?post=22878"},{"taxonomy":"post_tag","embeddable":true,"href":"https:\/\/www.seb.gov.co\/index.php\/wp-json\/wp\/v2\/tags?post=22878"}],"curies":[{"name":"wp","href":"https:\/\/api.w.org\/{rel}","templated":true}]}}