{"id":21579,"date":"2023-07-12T00:11:27","date_gmt":"2023-07-12T00:11:27","guid":{"rendered":"https:\/\/www.seb.gov.co\/?p=21579"},"modified":"2023-08-31T09:31:06","modified_gmt":"2023-08-31T09:31:06","slug":"comunicado-oficial","status":"publish","type":"post","link":"https:\/\/www.seb.gov.co\/index.php\/2023\/07\/12\/comunicado-oficial\/","title":{"rendered":"COMUNICADO OFICIAL"},"content":{"rendered":"<p>Comunicado oficial<br \/>\npor JADI VALENTINA CARRE\u00d1O TORRES | Jul 6, 2023 | Noticias | 0 Comentarios<\/p>\n<p>La Secretar\u00eda de Educaci\u00f3n de Bucaramanga informa que el pasado 5 de julio se llev\u00f3 a cabo una reuni\u00f3n con delegados de Personer\u00eda Municipal, concejales, asesores, representantes de la CUT y representantes de las operarias del servicio de aseo de las instituciones educativas contratadas por la empresa Acertar Servicios Integrales S.A.S., donde se expuso los reiterados incumplimientos de dicha empresa incluyendo lo relativo al pago de prestaciones y salarios.<\/p>\n<p>Frente a tales hechos, se indic\u00f3 el procedimiento agotado en relaci\u00f3n con la declaratoria de incumplimiento de la operaci\u00f3n, la activaci\u00f3n por parte de la Secretar\u00eda de Educaci\u00f3n de las p\u00f3lizas correspondientes al amparo de salarios y prestaciones sociales, as\u00ed como la responsabilidad de la empresa Acertar Servicios Integrales S.A.S., quien debe acudir ante las instancias judiciales en calidad de empleadora, por los derechos laborales de las operarias.<\/p>\n<p>Desde la institucionalidad, la Secretar\u00eda de Educaci\u00f3n de Bucaramanga ha actuado en el marco de sus competencias, desde que tuvo conocimiento de los hechos presentados en relaci\u00f3n con el no pago de sus acreencias laborales, iniciado de manera inmediata las acciones en pro de las garant\u00edas del personal correspondiente y que como ya se indic\u00f3 el resultado de la gesti\u00f3n ha sido la declaratoria de incumplimiento de la operaci\u00f3n y activaci\u00f3n de las p\u00f3lizas.<\/p>\n<p>Finalmente se informa que tras la declaratoria de incumplimiento se deriv\u00f3 la adjudicaci\u00f3n de la nueva operaci\u00f3n, socializando a los presentes la convocatoria que actualmente adelanta la nueva empresa operadora del servicio de aseo para efectos de contrataci\u00f3n de personal.<\/p>\n<p>Indicando que tal gesti\u00f3n deber\u00e1 adelantarse de manera personal por parte de quienes resulten interesados en el proceso de convocatoria que realiza directamente el nuevo operador.<\/p>\n<p>Seguimos trabajando para hacer valer los derechos fundamentales de todos los bumangueses.<\/p>\n<p>\u00a1BGARindeCuentas!<\/p>\n","protected":false},"excerpt":{"rendered":"<p>Comunicado oficial por JADI VALENTINA CARRE\u00d1O TORRES | Jul 6, 2023 | Noticias | 0 Comentarios La Secretar\u00eda de Educaci\u00f3n de Bucaramanga informa que el pasado 5 de julio se llev\u00f3 a cabo una reuni\u00f3n con delegados de Personer\u00eda Municipal, concejales, asesores, representantes de la CUT y representantes de las operarias del servicio de aseo [&hellip;]<\/p>\n","protected":false},"author":1,"featured_media":21578,"comment_status":"open","ping_status":"open","sticky":false,"template":"","format":"standard","meta":{"_bbp_topic_count":0,"_bbp_reply_count":0,"_bbp_total_topic_count":0,"_bbp_total_reply_count":0,"_bbp_voice_count":0,"_bbp_anonymous_reply_count":0,"_bbp_topic_count_hidden":0,"_bbp_reply_count_hidden":0,"_bbp_forum_subforum_count":0,"footnotes":""},"categories":[1],"tags":[],"_links":{"self":[{"href":"https:\/\/www.seb.gov.co\/index.php\/wp-json\/wp\/v2\/posts\/21579"}],"collection":[{"href":"https:\/\/www.seb.gov.co\/index.php\/wp-json\/wp\/v2\/posts"}],"about":[{"href":"https:\/\/www.seb.gov.co\/index.php\/wp-json\/wp\/v2\/types\/post"}],"author":[{"embeddable":true,"href":"https:\/\/www.seb.gov.co\/index.php\/wp-json\/wp\/v2\/users\/1"}],"replies":[{"embeddable":true,"href":"https:\/\/www.seb.gov.co\/index.php\/wp-json\/wp\/v2\/comments?post=21579"}],"version-history":[{"count":1,"href":"https:\/\/www.seb.gov.co\/index.php\/wp-json\/wp\/v2\/posts\/21579\/revisions"}],"predecessor-version":[{"id":21580,"href":"https:\/\/www.seb.gov.co\/index.php\/wp-json\/wp\/v2\/posts\/21579\/revisions\/21580"}],"wp:featuredmedia":[{"embeddable":true,"href":"https:\/\/www.seb.gov.co\/index.php\/wp-json\/wp\/v2\/media\/21578"}],"wp:attachment":[{"href":"https:\/\/www.seb.gov.co\/index.php\/wp-json\/wp\/v2\/media?parent=21579"}],"wp:term":[{"taxonomy":"category","embeddable":true,"href":"https:\/\/www.seb.gov.co\/index.php\/wp-json\/wp\/v2\/categories?post=21579"},{"taxonomy":"post_tag","embeddable":true,"href":"https:\/\/www.seb.gov.co\/index.php\/wp-json\/wp\/v2\/tags?post=21579"}],"curies":[{"name":"wp","href":"https:\/\/api.w.org\/{rel}","templated":true}]}}