{"id":21249,"date":"2023-04-27T16:59:39","date_gmt":"2023-04-27T16:59:39","guid":{"rendered":"https:\/\/www.seb.gov.co\/?p=21249"},"modified":"2023-05-08T14:38:06","modified_gmt":"2023-05-08T14:38:06","slug":"este-viernes-el-pae-traera-un-menu-especial-en-el-marco-de-la-celebracion-del-mes-de-la-ninez","status":"publish","type":"post","link":"https:\/\/www.seb.gov.co\/index.php\/2023\/04\/27\/este-viernes-el-pae-traera-un-menu-especial-en-el-marco-de-la-celebracion-del-mes-de-la-ninez\/","title":{"rendered":"Este viernes el PAE traer\u00e1 un men\u00fa especial en el marco de la celebraci\u00f3n del Mes de la Ni\u00f1ez"},"content":{"rendered":"<p>El Programa de Alimentaci\u00f3n Escolar, PAE, tendr\u00e1 una atenci\u00f3n especial con los 36.107 alumnos beneficiados.<\/p>\n<p>El men\u00fa del PAE, establecido para entregarse en los colegios oficiales de la ciudad, tendr\u00e1 un cambio con motivo de esta fecha especial.<\/p>\n<p>Desde la Secretar\u00eda de Educaci\u00f3n se contempla la entrega de una deliciosa hamburguesa, para el servicio de Raci\u00f3n Preparado en Sitio, y de un Bon Yurt, en el caso de la Raci\u00f3n Industrializada.<\/p>\n<p>La coordinadora del PAE, Yexica Ardila Ru\u00edz, explic\u00f3 que la entrega de estos productos se realizar\u00e1 en la mayor\u00eda de las instituciones educativas.<\/p>\n<p>Los estudiantes recibir\u00e1n un alimento que cumple con los requerimientos nutricionales de la resoluci\u00f3n de la Unidad Administrativa Especial de Alimentaci\u00f3n, UAPA.<\/p>\n<p>En este caso, la hamburguesa tendr\u00e1 pollo apanado, verdura, lechuga y pan. Adem\u00e1s, ir\u00e1 acompa\u00f1ada de papas fritas y una naranjada.<\/p>\n<p>\u201cEsperamos que sigan disfrutando del PAE. Desde el Gobierno de Juan Carlos C\u00e1rdenas los tenemos muy presentes\u201d, destac\u00f3 Ardila.<\/p>\n<p>En Bucaramanga, reciben el PAE los ni\u00f1os, ni\u00f1as y adolescentes que est\u00e1n en los ciclos escolares desde los grados preescolar hasta und\u00e9cimo.<\/p>\n","protected":false},"excerpt":{"rendered":"<p>El Programa de Alimentaci\u00f3n Escolar, PAE, tendr\u00e1 una atenci\u00f3n especial con los 36.107 alumnos beneficiados. El men\u00fa del PAE, establecido para entregarse en los colegios oficiales de la ciudad, tendr\u00e1 un cambio con motivo de esta fecha especial. Desde la Secretar\u00eda de Educaci\u00f3n se contempla la entrega de una deliciosa hamburguesa, para el servicio de [&hellip;]<\/p>\n","protected":false},"author":8,"featured_media":21250,"comment_status":"open","ping_status":"open","sticky":false,"template":"","format":"standard","meta":{"_bbp_topic_count":0,"_bbp_reply_count":0,"_bbp_total_topic_count":0,"_bbp_total_reply_count":0,"_bbp_voice_count":0,"_bbp_anonymous_reply_count":0,"_bbp_topic_count_hidden":0,"_bbp_reply_count_hidden":0,"_bbp_forum_subforum_count":0,"footnotes":""},"categories":[1],"tags":[],"_links":{"self":[{"href":"https:\/\/www.seb.gov.co\/index.php\/wp-json\/wp\/v2\/posts\/21249"}],"collection":[{"href":"https:\/\/www.seb.gov.co\/index.php\/wp-json\/wp\/v2\/posts"}],"about":[{"href":"https:\/\/www.seb.gov.co\/index.php\/wp-json\/wp\/v2\/types\/post"}],"author":[{"embeddable":true,"href":"https:\/\/www.seb.gov.co\/index.php\/wp-json\/wp\/v2\/users\/8"}],"replies":[{"embeddable":true,"href":"https:\/\/www.seb.gov.co\/index.php\/wp-json\/wp\/v2\/comments?post=21249"}],"version-history":[{"count":1,"href":"https:\/\/www.seb.gov.co\/index.php\/wp-json\/wp\/v2\/posts\/21249\/revisions"}],"predecessor-version":[{"id":21251,"href":"https:\/\/www.seb.gov.co\/index.php\/wp-json\/wp\/v2\/posts\/21249\/revisions\/21251"}],"wp:featuredmedia":[{"embeddable":true,"href":"https:\/\/www.seb.gov.co\/index.php\/wp-json\/wp\/v2\/media\/21250"}],"wp:attachment":[{"href":"https:\/\/www.seb.gov.co\/index.php\/wp-json\/wp\/v2\/media?parent=21249"}],"wp:term":[{"taxonomy":"category","embeddable":true,"href":"https:\/\/www.seb.gov.co\/index.php\/wp-json\/wp\/v2\/categories?post=21249"},{"taxonomy":"post_tag","embeddable":true,"href":"https:\/\/www.seb.gov.co\/index.php\/wp-json\/wp\/v2\/tags?post=21249"}],"curies":[{"name":"wp","href":"https:\/\/api.w.org\/{rel}","templated":true}]}}