{"id":21238,"date":"2023-04-25T14:24:35","date_gmt":"2023-04-25T14:24:35","guid":{"rendered":"https:\/\/www.seb.gov.co\/?p=21238"},"modified":"2023-05-05T15:17:38","modified_gmt":"2023-05-05T15:17:38","slug":"buenas-noticias-inicia-la-construccion-del-colegio-politecnico-sede-c","status":"publish","type":"post","link":"https:\/\/www.seb.gov.co\/index.php\/2023\/04\/25\/buenas-noticias-inicia-la-construccion-del-colegio-politecnico-sede-c\/","title":{"rendered":"\u00a1Buenas noticias! Inicia la construcci\u00f3n del colegio Polit\u00e9cnico, sede C"},"content":{"rendered":"<p>La firma contratista, SOCICON S.A.S., ya recibi\u00f3 el lote del Polit\u00e9cnico, sede C, para efectuar la transformaci\u00f3n correspondiente.<\/p>\n<p>Son 2.600 metros cuadrados que se intervendr\u00e1n para impactar positivamente a los estudiantes, habitantes principalmente de los barrios Gait\u00e1n y Girardot. La inversi\u00f3n asciende a los $7.066 millones.<\/p>\n<p>\u201cLa entrega formal permite que se d\u00e9 reinicio al proyecto y comience la demolici\u00f3n\u00bb, inform\u00f3 Jos\u00e9 Andr\u00e9s Carre\u00f1o, ingeniero de Bienes y Servicios de la Secretar\u00eda de Educaci\u00f3n. La entrega de la obra se har\u00e1 el pr\u00f3ximo a\u00f1o.<\/p>\n<h2>Qu\u00e9 se va a realizar en el\u00a0<strong>Polit\u00e9cnico, sede C<\/strong><\/h2>\n<ul>\n<li>2 aulas de preescolar (capacidad de 20 alumnos).<\/li>\n<li>12 aulas de b\u00e1sica y media (capacidad para 40 estudiantes).<\/li>\n<li>Laboratorio.<\/li>\n<li>1 aula polivalente.<\/li>\n<li>Aula de tecnolog\u00eda.<\/li>\n<li>Centro de recursos y biblioteca.<\/li>\n<li>Aula de biling\u00fcismo.<\/li>\n<li>Comedor.<\/li>\n<li>Zona administrativa.<\/li>\n<li>Zona recreativa.<\/li>\n<li>Bater\u00edas sanitarias.<\/li>\n<\/ul>\n<p>\u201cPodemos tener esperanza de que en un a\u00f1o contaremos con una nueva instituci\u00f3n, dotada con todas las condiciones\u201d, destac\u00f3 Flor Alba Casadiego, rectora del Polit\u00e9cnico.<\/p>\n<p>Es de anotar que este proyecto hace parte de las intervenciones lideradas y autorizadas por Ministerio de Educaci\u00f3n Nacional, de la mano con el Fondo de Financiamiento de Infraestructura Educativa, FFIE.<\/p>\n<p>Tambi\u00e9n est\u00e1n all\u00ed presentes las transformaciones de La Escuela Normal Superior (ya se ejecut\u00f3), la Camacho Carre\u00f1o (se encuentra la obra), el colegio rural Bosconia Santa Rita (se encuentra en obra) y el Santa Mar\u00eda Goretti, sede C.<\/p>\n","protected":false},"excerpt":{"rendered":"<p>La firma contratista, SOCICON S.A.S., ya recibi\u00f3 el lote del Polit\u00e9cnico, sede C, para efectuar la transformaci\u00f3n correspondiente. Son 2.600 metros cuadrados que se intervendr\u00e1n para impactar positivamente a los estudiantes, habitantes principalmente de los barrios Gait\u00e1n y Girardot. La inversi\u00f3n asciende a los $7.066 millones. \u201cLa entrega formal permite que se d\u00e9 reinicio al [&hellip;]<\/p>\n","protected":false},"author":8,"featured_media":21239,"comment_status":"open","ping_status":"open","sticky":false,"template":"","format":"standard","meta":{"_bbp_topic_count":0,"_bbp_reply_count":0,"_bbp_total_topic_count":0,"_bbp_total_reply_count":0,"_bbp_voice_count":0,"_bbp_anonymous_reply_count":0,"_bbp_topic_count_hidden":0,"_bbp_reply_count_hidden":0,"_bbp_forum_subforum_count":0,"footnotes":""},"categories":[1],"tags":[],"_links":{"self":[{"href":"https:\/\/www.seb.gov.co\/index.php\/wp-json\/wp\/v2\/posts\/21238"}],"collection":[{"href":"https:\/\/www.seb.gov.co\/index.php\/wp-json\/wp\/v2\/posts"}],"about":[{"href":"https:\/\/www.seb.gov.co\/index.php\/wp-json\/wp\/v2\/types\/post"}],"author":[{"embeddable":true,"href":"https:\/\/www.seb.gov.co\/index.php\/wp-json\/wp\/v2\/users\/8"}],"replies":[{"embeddable":true,"href":"https:\/\/www.seb.gov.co\/index.php\/wp-json\/wp\/v2\/comments?post=21238"}],"version-history":[{"count":1,"href":"https:\/\/www.seb.gov.co\/index.php\/wp-json\/wp\/v2\/posts\/21238\/revisions"}],"predecessor-version":[{"id":21240,"href":"https:\/\/www.seb.gov.co\/index.php\/wp-json\/wp\/v2\/posts\/21238\/revisions\/21240"}],"wp:featuredmedia":[{"embeddable":true,"href":"https:\/\/www.seb.gov.co\/index.php\/wp-json\/wp\/v2\/media\/21239"}],"wp:attachment":[{"href":"https:\/\/www.seb.gov.co\/index.php\/wp-json\/wp\/v2\/media?parent=21238"}],"wp:term":[{"taxonomy":"category","embeddable":true,"href":"https:\/\/www.seb.gov.co\/index.php\/wp-json\/wp\/v2\/categories?post=21238"},{"taxonomy":"post_tag","embeddable":true,"href":"https:\/\/www.seb.gov.co\/index.php\/wp-json\/wp\/v2\/tags?post=21238"}],"curies":[{"name":"wp","href":"https:\/\/api.w.org\/{rel}","templated":true}]}}