{"id":21232,"date":"2023-04-25T14:14:55","date_gmt":"2023-04-25T14:14:55","guid":{"rendered":"https:\/\/www.seb.gov.co\/?p=21232"},"modified":"2023-05-02T15:17:16","modified_gmt":"2023-05-02T15:17:16","slug":"los-contralores-estudiantiles-seran-garantes-de-los-recursos-publicos-destinados-en-sus-instituciones","status":"publish","type":"post","link":"https:\/\/www.seb.gov.co\/index.php\/2023\/04\/25\/los-contralores-estudiantiles-seran-garantes-de-los-recursos-publicos-destinados-en-sus-instituciones\/","title":{"rendered":"Los contralores estudiantiles ser\u00e1n garantes de los recursos p\u00fablicos destinados en sus instituciones"},"content":{"rendered":"<p>Los controlares estudiantiles, elegidos en jornadas democr\u00e1ticas en las 47 instituciones oficiales, fueron posesionados en Bucaramanga.<\/p>\n<p>El Gobierno de Juan Carlos C\u00e1rdenas y la Contralor\u00eda Municipal lideraron dicho acto realizado en el auditorio de la Biblioteca Gabriel Turbay.<\/p>\n<p>Ellos ser\u00e1n los encargados de representar a los estudiantes y de velar por la promoci\u00f3n y fortalecimiento del control social y fiscal de la gesti\u00f3n educativa, garantizando la transparencia de los recursos p\u00fablicos en sus instituciones.<\/p>\n<p>\u201cUstedes son muy importantes en nuestro trabajo y sabemos que tienen las cualidades para revisar la operaci\u00f3n y la garant\u00eda de los recursos, que son para el beneficio de los alumnos. Bienvenidos, sigan adelante con su liderazgo y control\u201d, expres\u00f3 Jairo Enrique Gonz\u00e1lez, secretario de Educaci\u00f3n de la capital santandereana.<\/p>\n<p>Promover la rendici\u00f3n de cuentas y recibir las solicitudes de la comunidad educativa sobre las irregularidades en la ejecuci\u00f3n del presupuesto o el manejo de los bienes en las instituciones educativas, son algunas de las funciones que los contralores deben desarrollar durante su a\u00f1o de gobierno escolar.<\/p>\n<p>\u201cMe siento muy feliz de ser contralora. Quiero que los recursos se puedan invertir para mejorar el comedor y la infraestructura de mi colegio\u201d, coment\u00f3 Julieth Morales, contralora de la instituci\u00f3n Jos\u00e9 Mar\u00eda Est\u00e9vez.<\/p>\n<p>Por su parte, Joseph Sebasti\u00e1n Contreras, de la Instituci\u00f3n Educativa Rural Bosconia, anot\u00f3 que: \u201cQuiero que todos los estudiantes me ayuden a cuidar los recursos y les voy a comunicar por la radio escolar, as\u00ed todos podemos participar\u201d.<\/p>\n<p>Cabe anotar, que tambi\u00e9n participamos en el Primer Encuentro de Gobiernos Escolares con los Personeros Estudiantiles y fue un espacio acad\u00e9mico y l\u00fadico que incentiv\u00f3 los procesos democr\u00e1ticos y participativos en la poblaci\u00f3n estudiantil.<\/p>\n","protected":false},"excerpt":{"rendered":"<p>Los controlares estudiantiles, elegidos en jornadas democr\u00e1ticas en las 47 instituciones oficiales, fueron posesionados en Bucaramanga. El Gobierno de Juan Carlos C\u00e1rdenas y la Contralor\u00eda Municipal lideraron dicho acto realizado en el auditorio de la Biblioteca Gabriel Turbay. Ellos ser\u00e1n los encargados de representar a los estudiantes y de velar por la promoci\u00f3n y fortalecimiento [&hellip;]<\/p>\n","protected":false},"author":8,"featured_media":21233,"comment_status":"open","ping_status":"open","sticky":false,"template":"","format":"standard","meta":{"_bbp_topic_count":0,"_bbp_reply_count":0,"_bbp_total_topic_count":0,"_bbp_total_reply_count":0,"_bbp_voice_count":0,"_bbp_anonymous_reply_count":0,"_bbp_topic_count_hidden":0,"_bbp_reply_count_hidden":0,"_bbp_forum_subforum_count":0,"footnotes":""},"categories":[1],"tags":[],"_links":{"self":[{"href":"https:\/\/www.seb.gov.co\/index.php\/wp-json\/wp\/v2\/posts\/21232"}],"collection":[{"href":"https:\/\/www.seb.gov.co\/index.php\/wp-json\/wp\/v2\/posts"}],"about":[{"href":"https:\/\/www.seb.gov.co\/index.php\/wp-json\/wp\/v2\/types\/post"}],"author":[{"embeddable":true,"href":"https:\/\/www.seb.gov.co\/index.php\/wp-json\/wp\/v2\/users\/8"}],"replies":[{"embeddable":true,"href":"https:\/\/www.seb.gov.co\/index.php\/wp-json\/wp\/v2\/comments?post=21232"}],"version-history":[{"count":1,"href":"https:\/\/www.seb.gov.co\/index.php\/wp-json\/wp\/v2\/posts\/21232\/revisions"}],"predecessor-version":[{"id":21234,"href":"https:\/\/www.seb.gov.co\/index.php\/wp-json\/wp\/v2\/posts\/21232\/revisions\/21234"}],"wp:featuredmedia":[{"embeddable":true,"href":"https:\/\/www.seb.gov.co\/index.php\/wp-json\/wp\/v2\/media\/21233"}],"wp:attachment":[{"href":"https:\/\/www.seb.gov.co\/index.php\/wp-json\/wp\/v2\/media?parent=21232"}],"wp:term":[{"taxonomy":"category","embeddable":true,"href":"https:\/\/www.seb.gov.co\/index.php\/wp-json\/wp\/v2\/categories?post=21232"},{"taxonomy":"post_tag","embeddable":true,"href":"https:\/\/www.seb.gov.co\/index.php\/wp-json\/wp\/v2\/tags?post=21232"}],"curies":[{"name":"wp","href":"https:\/\/api.w.org\/{rel}","templated":true}]}}