{"id":21212,"date":"2023-04-19T15:24:03","date_gmt":"2023-04-19T15:24:03","guid":{"rendered":"https:\/\/www.seb.gov.co\/?p=21212"},"modified":"2023-04-25T14:17:53","modified_gmt":"2023-04-25T14:17:53","slug":"22-nuevos-jovenes-graduados-gracias-a-las-becas-de-educacion-superior-de-la-alcaldia","status":"publish","type":"post","link":"https:\/\/www.seb.gov.co\/index.php\/2023\/04\/19\/22-nuevos-jovenes-graduados-gracias-a-las-becas-de-educacion-superior-de-la-alcaldia\/","title":{"rendered":"22 nuevos j\u00f3venes graduados gracias a las Becas de Educaci\u00f3n Superior de la Alcald\u00eda"},"content":{"rendered":"<p>El Gobierno de Juan Carlos C\u00e1rdenas le sigue cumpliendo a los j\u00f3venes de Bucaramanga, quienes so\u00f1aron con acceder a la educaci\u00f3n superior y estudiar una carrera profesional.<\/p>\n<p>Esta vez, 22 j\u00f3venes recibieron sus t\u00edtulos de la Corporaci\u00f3n Universitaria Minuto de Dios. Ahora son profesionales en Trabajo Social, Licenciatura en Educaci\u00f3n Art\u00edstica y Licenciatura en Educaci\u00f3n B\u00e1sica, con \u00e9nfasis en Ciencias Naturales.<\/p>\n<p>Es de anotar que completaron sus semestres sin pagar un solo peso.<\/p>\n<p>\u201cMe siento muy contento de obtener este logro en mi vida, porque siempre hab\u00eda sido mi sue\u00f1o. Gracias a esta oportunidad hoy tengo mi t\u00edtulo profesional\u201d, expres\u00f3 Jos\u00e9 Leonardo Vargas, licenciado en Educaci\u00f3n Art\u00edstica.<\/p>\n<p>Con su esfuerzo, dedicaci\u00f3n y las largas jornadas de estudio, obtuvieron dicho objetivo para seguir avanzando con sus sue\u00f1os.<\/p>\n<p>\u201cLe doy las gracias al Alcalde por brindar estas oportunidades. Gracias a la beca ya estoy trabajando y he podido ahorrar para iniciar una Maestr\u00eda en Inclusi\u00f3n y Discapacidad\u201d, destac\u00f3 Sara Julieth Ib\u00e1\u00f1ez, beneficiaria.<\/p>\n<h2><strong>Profesionales en Trabajo Social<\/strong><\/h2>\n<ul>\n<li>Jos\u00e9 Luis Su\u00e1rez Rueda, Laura Marcela Pe\u00f1a Pab\u00f3n, Deisy Jisselle Campos Corzo, Mar\u00eda Valentina Carre\u00f1o Rivera, M\u00f3nica Lizeth Garc\u00eda Mantilla, Viviana Andrea P\u00e9rez Chinchilla, Ana Mar\u00eda Sanguino G\u00f3mez, Gabriela Tristancho Villamizar, Elcy Mar\u00eda Chanaga Caicedo, Dayce Romero, Paula Andrea Rojas R\u00fageles, Daniela Salas Nieto, Yurlei Alexandra Meneses, Diana Carolina Castro Guerrero, Ana Milena Rodr\u00edguez Portilla y Yurley Melissa S\u00e1nchez Agudelo.<\/li>\n<\/ul>\n<h2><strong>Licenciatura en Educaci\u00f3n B\u00e1sica con \u00e9nfasis en Ciencias Naturales<\/strong><\/h2>\n<ul>\n<li>Claudia Viviana Barrera Moreno.<\/li>\n<\/ul>\n<h2><strong>Licenciatura en Educaci\u00f3n Art\u00edstica<\/strong><\/h2>\n<ul>\n<li>Diana Katherine Granados Cifuentes, Sara Julieth Ib\u00e1\u00f1ez P\u00e9rez, Karoll Slendy Ru\u00edz Mancipe, July Alejandra Gelvez Montoya y Jos\u00e9 Leonardo Vargas.<\/li>\n<\/ul>\n<p>Se espera en mayo pr\u00f3ximo abrir una nueva convocatoria para acceder a este beneficio. \u00a1Gobernar es Hacer!<\/p>\n","protected":false},"excerpt":{"rendered":"<p>El Gobierno de Juan Carlos C\u00e1rdenas le sigue cumpliendo a los j\u00f3venes de Bucaramanga, quienes so\u00f1aron con acceder a la educaci\u00f3n superior y estudiar una carrera profesional. Esta vez, 22 j\u00f3venes recibieron sus t\u00edtulos de la Corporaci\u00f3n Universitaria Minuto de Dios. Ahora son profesionales en Trabajo Social, Licenciatura en Educaci\u00f3n Art\u00edstica y Licenciatura en Educaci\u00f3n [&hellip;]<\/p>\n","protected":false},"author":8,"featured_media":21213,"comment_status":"open","ping_status":"open","sticky":false,"template":"","format":"standard","meta":{"_bbp_topic_count":0,"_bbp_reply_count":0,"_bbp_total_topic_count":0,"_bbp_total_reply_count":0,"_bbp_voice_count":0,"_bbp_anonymous_reply_count":0,"_bbp_topic_count_hidden":0,"_bbp_reply_count_hidden":0,"_bbp_forum_subforum_count":0,"footnotes":""},"categories":[1],"tags":[],"_links":{"self":[{"href":"https:\/\/www.seb.gov.co\/index.php\/wp-json\/wp\/v2\/posts\/21212"}],"collection":[{"href":"https:\/\/www.seb.gov.co\/index.php\/wp-json\/wp\/v2\/posts"}],"about":[{"href":"https:\/\/www.seb.gov.co\/index.php\/wp-json\/wp\/v2\/types\/post"}],"author":[{"embeddable":true,"href":"https:\/\/www.seb.gov.co\/index.php\/wp-json\/wp\/v2\/users\/8"}],"replies":[{"embeddable":true,"href":"https:\/\/www.seb.gov.co\/index.php\/wp-json\/wp\/v2\/comments?post=21212"}],"version-history":[{"count":1,"href":"https:\/\/www.seb.gov.co\/index.php\/wp-json\/wp\/v2\/posts\/21212\/revisions"}],"predecessor-version":[{"id":21214,"href":"https:\/\/www.seb.gov.co\/index.php\/wp-json\/wp\/v2\/posts\/21212\/revisions\/21214"}],"wp:featuredmedia":[{"embeddable":true,"href":"https:\/\/www.seb.gov.co\/index.php\/wp-json\/wp\/v2\/media\/21213"}],"wp:attachment":[{"href":"https:\/\/www.seb.gov.co\/index.php\/wp-json\/wp\/v2\/media?parent=21212"}],"wp:term":[{"taxonomy":"category","embeddable":true,"href":"https:\/\/www.seb.gov.co\/index.php\/wp-json\/wp\/v2\/categories?post=21212"},{"taxonomy":"post_tag","embeddable":true,"href":"https:\/\/www.seb.gov.co\/index.php\/wp-json\/wp\/v2\/tags?post=21212"}],"curies":[{"name":"wp","href":"https:\/\/api.w.org\/{rel}","templated":true}]}}