{"id":21191,"date":"2023-04-14T03:29:38","date_gmt":"2023-04-14T03:29:38","guid":{"rendered":"https:\/\/www.seb.gov.co\/?p=21191"},"modified":"2023-04-19T20:32:50","modified_gmt":"2023-04-19T20:32:50","slug":"escuela-normal-superior-148-anos-formando-maestros-para-la-vida","status":"publish","type":"post","link":"https:\/\/www.seb.gov.co\/index.php\/2023\/04\/14\/escuela-normal-superior-148-anos-formando-maestros-para-la-vida\/","title":{"rendered":"Escuela Normal Superior, 148 a\u00f1os formando maestros para la vida"},"content":{"rendered":"<p>Actualmente, 4.000 estudiantes se forman en la Escuela Normal Superior, desde los grados preescolar, primaria, secundaria y media.<\/p>\n<p>Recientemente m\u00e1s de $16 mil millones se han destinado en obras que impactan en el bienestar de la comunidad educativa. La adecuaci\u00f3n de los espacios deportivos, el \u00e1rea preescolar y el auditorio, entre otros aspectos, est\u00e1n presentes.<\/p>\n<p>Con 148 a\u00f1os, es la instituci\u00f3n educativa oficial m\u00e1s antigua de la ciudad. En un terreno construido en el siglo XIX, miles de alumnos han forjado su historia.<\/p>\n<p>El rector de la Normal Superior, El\u00edas Vergel, destac\u00f3 la rica trayectoria del colegio formado maestros para la vida.<\/p>\n<p>\u201cEs gratificante para nosotros registrar que se han formado excelentes maestros que, con su desempe\u00f1o, nos representan\u201d, coment\u00f3.<\/p>\n<h2><strong>Breve rese\u00f1a hist\u00f3rica de la Normal Superior<\/strong><\/h2>\n<p>La historia de la Normal Superior inicia el 15 de abril de 1875, bajo la direcci\u00f3n de la distinguida dama bogotana Mar\u00eda de Jes\u00fas P\u00e1ramo.<\/p>\n<p>En medio de la expectativa, la reci\u00e9n creada Escuela Normal Nacional de Institutoras de Bucaramanga entrega sus primeros frutos en 1877. Sus directivos graduaron a 10 mujeres para el servicio de la docencia.<\/p>\n<p>Durante todo este lapso de tiempo, la instituci\u00f3n ha tenido algunos recesos. Una corta suspensi\u00f3n de actividades se present\u00f3 en 1875, debido al terremoto que destruy\u00f3 a C\u00facuta y se sinti\u00f3 en la ciudad.<\/p>\n<p>Asimismo, a causa de la \u2018Guerra de Escuelas\u2019, un conflicto que se caus\u00f3 porque el gobierno obligaba a los docentes a ense\u00f1ar ideas pol\u00edticas.<\/p>\n<p>La Escuela tambi\u00e9n estuvo a punto de desaparecer en 1920, debido a una crisis econ\u00f3mica. En 1922 se autoriz\u00f3 su funcionamiento, como instituto privado, hasta 1925, cuando volvi\u00f3 a ser financiada por el Gobierno Nacional.<\/p>\n<p>La instituci\u00f3n expidi\u00f3 en 1970, los primeros t\u00edtulos de maestros y, desde entonces, continu\u00f3 vinculada a los programas de capacitaci\u00f3n y profesionalizaci\u00f3n del Magisterio.<\/p>\n<p>Desde 1998 se recibi\u00f3 el proceso de acreditaci\u00f3n, y a partir de 2018 ha cumplido con su objetivo.<\/p>\n<p>Cuando los estudiantes terminan el grado 11, cursan dos a\u00f1os m\u00e1s para obtener el t\u00edtulo de Normalista Superior. Esto los habilita para ser maestros de preescolar y primaria.<\/p>\n<p>La conmemoraci\u00f3n se cumplir\u00e1 hoy viernes, 14 de abril, en el auditorio de la instituci\u00f3n. Es de anotar que se contemplan reconocimientos, exaltaciones, eventos art\u00edsticos y una conferencia.<\/p>\n","protected":false},"excerpt":{"rendered":"<p>Actualmente, 4.000 estudiantes se forman en la Escuela Normal Superior, desde los grados preescolar, primaria, secundaria y media. Recientemente m\u00e1s de $16 mil millones se han destinado en obras que impactan en el bienestar de la comunidad educativa. La adecuaci\u00f3n de los espacios deportivos, el \u00e1rea preescolar y el auditorio, entre otros aspectos, est\u00e1n presentes. [&hellip;]<\/p>\n","protected":false},"author":8,"featured_media":21192,"comment_status":"open","ping_status":"open","sticky":false,"template":"","format":"standard","meta":{"_bbp_topic_count":0,"_bbp_reply_count":0,"_bbp_total_topic_count":0,"_bbp_total_reply_count":0,"_bbp_voice_count":0,"_bbp_anonymous_reply_count":0,"_bbp_topic_count_hidden":0,"_bbp_reply_count_hidden":0,"_bbp_forum_subforum_count":0,"footnotes":""},"categories":[1],"tags":[],"_links":{"self":[{"href":"https:\/\/www.seb.gov.co\/index.php\/wp-json\/wp\/v2\/posts\/21191"}],"collection":[{"href":"https:\/\/www.seb.gov.co\/index.php\/wp-json\/wp\/v2\/posts"}],"about":[{"href":"https:\/\/www.seb.gov.co\/index.php\/wp-json\/wp\/v2\/types\/post"}],"author":[{"embeddable":true,"href":"https:\/\/www.seb.gov.co\/index.php\/wp-json\/wp\/v2\/users\/8"}],"replies":[{"embeddable":true,"href":"https:\/\/www.seb.gov.co\/index.php\/wp-json\/wp\/v2\/comments?post=21191"}],"version-history":[{"count":1,"href":"https:\/\/www.seb.gov.co\/index.php\/wp-json\/wp\/v2\/posts\/21191\/revisions"}],"predecessor-version":[{"id":21193,"href":"https:\/\/www.seb.gov.co\/index.php\/wp-json\/wp\/v2\/posts\/21191\/revisions\/21193"}],"wp:featuredmedia":[{"embeddable":true,"href":"https:\/\/www.seb.gov.co\/index.php\/wp-json\/wp\/v2\/media\/21192"}],"wp:attachment":[{"href":"https:\/\/www.seb.gov.co\/index.php\/wp-json\/wp\/v2\/media?parent=21191"}],"wp:term":[{"taxonomy":"category","embeddable":true,"href":"https:\/\/www.seb.gov.co\/index.php\/wp-json\/wp\/v2\/categories?post=21191"},{"taxonomy":"post_tag","embeddable":true,"href":"https:\/\/www.seb.gov.co\/index.php\/wp-json\/wp\/v2\/tags?post=21191"}],"curies":[{"name":"wp","href":"https:\/\/api.w.org\/{rel}","templated":true}]}}