{"id":21182,"date":"2023-04-13T19:01:03","date_gmt":"2023-04-13T19:01:03","guid":{"rendered":"https:\/\/www.seb.gov.co\/?p=21182"},"modified":"2023-04-19T20:14:22","modified_gmt":"2023-04-19T20:14:22","slug":"hoy-cumple-135-anos-el-glorioso-tecnico-damaso-zapata","status":"publish","type":"post","link":"https:\/\/www.seb.gov.co\/index.php\/2023\/04\/13\/hoy-cumple-135-anos-el-glorioso-tecnico-damaso-zapata\/","title":{"rendered":"Hoy cumple 135 a\u00f1os el glorioso T\u00e9cnico D\u00e1maso Zapata"},"content":{"rendered":"<p>El Gobierno de alcalde Juan Carlos C\u00e1rdenas, egresado de la instituci\u00f3n en 1981, viene realizando inversiones para transformar la infraestructura del D\u00e1maso Zapata. Recientemente se destin\u00f3 $15 mil millones en obras que impactaron las zonas deportivas, administrativas y el equipamiento urbano.<\/p>\n<p>Hoy 13 de abril, la comunidad educativa rinde honores a uno de los colegios m\u00e1s antiguos e insignes de la capital santandereana, creado en el siglo XIX.<\/p>\n<h2><strong>Historia sublime<\/strong><\/h2>\n<p>El rector en la actualidad, Jos\u00e9 Joaqu\u00edn Claros, hizo un breve recuento de la historia de la instituci\u00f3n. \u201cNace el 13 de abril de 1888 como la Escuela de Artes y Oficios de Santander, con una ense\u00f1anza t\u00e9cnica\u00bb, expres\u00f3.<\/p>\n<p>Luego, en 1941, con el Decreto 1427, nace el Instituto T\u00e9cnico Industrial D\u00e1maso Zapata. En este espacio de la historia se crea la Universidad Industrial de Santander, aloj\u00e1ndose en el edificio central.<\/p>\n<p>A partir de 1951, la comunidad de los Hermanos de La Salle asume la direcci\u00f3n del instituto y \u201cen 1963, el 23 de diciembre, nace las Unidades Tecnol\u00f3gicas de Santander, que se ubican en las torres de nuestra instituci\u00f3n\u201d, recuerda el rector.<\/p>\n<p>La comunidad de los Hermanos de La Salle regent\u00f3 la instituci\u00f3n hasta el 2005 y despu\u00e9s se le entreg\u00f3 al Municipio.<\/p>\n<h2><strong>Algunos egresados del D\u00e1maso Zapata<\/strong><\/h2>\n<p>Alfonso Valdivieso Sarmiento, exfiscal de Colombia; Hern\u00e1n Porras, rector de la UIS; Armando \u2018Piripi\u2019 Osma, entrenador de f\u00fatbol; los hermanos Mar\u00edn Valencia, fundadores de la constructora Marval, entre otros.<\/p>\n<p><strong>Juan Carlos Ord\u00f3\u00f1ez, director de noticias de Caracol Bucaramanga \u2013 Promoci\u00f3n 1986<\/strong><\/p>\n<p>\u201cFue un lugar especial, porque compart\u00ed con chicos de todos los sectores del \u00e1rea metropolitana. Aprendimos el valor de la disciplina\u201d, dijo.<\/p>\n<p><strong>Jos\u00e9 Luis Alarc\u00f3n, periodista deportivo de RCN \u2013 Promoci\u00f3n 1982<\/strong><\/p>\n<p>\u201cSe distingue por la buena formaci\u00f3n, por la educaci\u00f3n con principios y valores\u201d, coment\u00f3.<\/p>\n<p><strong>Manuel Jos\u00e9 Salgado, hermano Lasallista quien contribuy\u00f3 en la formaci\u00f3n de estudiantes a finales de los a\u00f1os 70.<\/strong><\/p>\n<p>\u201cPara los hermanos Lasallistas signific\u00f3 algo extraordinario, siempre en concordancia con el esp\u00edritu y el pensamiento de San Juan Bautista de La Salle\u201d.<\/p>\n<p>La Administraci\u00f3n Municipal honra con obras a la instituci\u00f3n educativa que por 135 a\u00f1os forma a miles de j\u00f3venes para impulsarlos por el sendero de su lema: \u2018VIVIR Y VENCER\u2019.<\/p>\n","protected":false},"excerpt":{"rendered":"<p>El Gobierno de alcalde Juan Carlos C\u00e1rdenas, egresado de la instituci\u00f3n en 1981, viene realizando inversiones para transformar la infraestructura del D\u00e1maso Zapata. Recientemente se destin\u00f3 $15 mil millones en obras que impactaron las zonas deportivas, administrativas y el equipamiento urbano. Hoy 13 de abril, la comunidad educativa rinde honores a uno de los colegios [&hellip;]<\/p>\n","protected":false},"author":8,"featured_media":21183,"comment_status":"open","ping_status":"open","sticky":false,"template":"","format":"standard","meta":{"_bbp_topic_count":0,"_bbp_reply_count":0,"_bbp_total_topic_count":0,"_bbp_total_reply_count":0,"_bbp_voice_count":0,"_bbp_anonymous_reply_count":0,"_bbp_topic_count_hidden":0,"_bbp_reply_count_hidden":0,"_bbp_forum_subforum_count":0,"footnotes":""},"categories":[1],"tags":[],"_links":{"self":[{"href":"https:\/\/www.seb.gov.co\/index.php\/wp-json\/wp\/v2\/posts\/21182"}],"collection":[{"href":"https:\/\/www.seb.gov.co\/index.php\/wp-json\/wp\/v2\/posts"}],"about":[{"href":"https:\/\/www.seb.gov.co\/index.php\/wp-json\/wp\/v2\/types\/post"}],"author":[{"embeddable":true,"href":"https:\/\/www.seb.gov.co\/index.php\/wp-json\/wp\/v2\/users\/8"}],"replies":[{"embeddable":true,"href":"https:\/\/www.seb.gov.co\/index.php\/wp-json\/wp\/v2\/comments?post=21182"}],"version-history":[{"count":1,"href":"https:\/\/www.seb.gov.co\/index.php\/wp-json\/wp\/v2\/posts\/21182\/revisions"}],"predecessor-version":[{"id":21184,"href":"https:\/\/www.seb.gov.co\/index.php\/wp-json\/wp\/v2\/posts\/21182\/revisions\/21184"}],"wp:featuredmedia":[{"embeddable":true,"href":"https:\/\/www.seb.gov.co\/index.php\/wp-json\/wp\/v2\/media\/21183"}],"wp:attachment":[{"href":"https:\/\/www.seb.gov.co\/index.php\/wp-json\/wp\/v2\/media?parent=21182"}],"wp:term":[{"taxonomy":"category","embeddable":true,"href":"https:\/\/www.seb.gov.co\/index.php\/wp-json\/wp\/v2\/categories?post=21182"},{"taxonomy":"post_tag","embeddable":true,"href":"https:\/\/www.seb.gov.co\/index.php\/wp-json\/wp\/v2\/tags?post=21182"}],"curies":[{"name":"wp","href":"https:\/\/api.w.org\/{rel}","templated":true}]}}