{"id":21157,"date":"2023-04-01T13:04:17","date_gmt":"2023-04-01T13:04:17","guid":{"rendered":"https:\/\/www.seb.gov.co\/?p=21157"},"modified":"2023-04-19T15:44:57","modified_gmt":"2023-04-19T15:44:57","slug":"el-pae-avanza-con-buenos-resultados-en-cobertura-y-disminucion-de-la-desercion-escolar","status":"publish","type":"post","link":"https:\/\/www.seb.gov.co\/index.php\/2023\/04\/01\/el-pae-avanza-con-buenos-resultados-en-cobertura-y-disminucion-de-la-desercion-escolar\/","title":{"rendered":"El PAE avanza con buenos resultados en cobertura y disminuci\u00f3n de la deserci\u00f3n escolar"},"content":{"rendered":"<p>El Gobierno de Juan Carlos C\u00e1rdenas entreg\u00f3 cuentas y resultados en la Mesa P\u00fablica del Programa de Alimentaci\u00f3n Escolar, PAE, en la que se explicaron los componentes que contribuyen al acceso, la permanencia y el bienestar de 36.107 ni\u00f1os, ni\u00f1as y adolescentes de 113 sedes educativas.<\/p>\n<p>Para este a\u00f1o, el presupuesto asciende a m\u00e1s de $30 mil millones, que se invierten en productos y alimentos balanceados para los estudiantes que reciben en sus colegios refrigerio-raci\u00f3n industrializada, complemento alimenticio y\/o almuerzo-raci\u00f3n preparada en sitio.<\/p>\n<p>\u201cNos sentimos muy complacidos con los resultados en Bucaramanga, la distribuci\u00f3n del PAE se inici\u00f3 con el cronograma acad\u00e9mico y eso es muy positivo para los ni\u00f1os beneficiarios. Tenemos la expectativa de ampliar la cobertura y, con la adici\u00f3n presupuestal, lograr que llegue al promedio nacional que est\u00e1 en el 76%\u201d, destac\u00f3 Luis Fernando Correa, director de la Unidad Administrativa Alimentos para Aprender.<\/p>\n<p>De ah\u00ed que, el equipo PAE de la Secretar\u00eda de Educaci\u00f3n realiza un trabajo permanente en las instituciones con acompa\u00f1amientos en los Comit\u00e9s de Alimentaci\u00f3n Escolar y procedimientos de supervisi\u00f3n, para verificar la entrega de los complementos alimentarios. Asimismo, recibe las inconformidades de los productos, si las hay, para as\u00ed implementar acciones correctivas en la mejora de la operaci\u00f3n.<\/p>\n<p>\u201cEl PAE es una de las estrategias m\u00e1s positivas que se pueden desarrollar, porque va favorecer la cobertura y permite que la deserci\u00f3n escolar disminuya. Los felicito por seguir avanzando para que el programa llegue a todos los colegios\u201d, resalt\u00f3 Dora Viviana Solano, rectora del Colegio Villas de San Ignacio.<\/p>\n<p>Es de anotar que el servicio del PAE los brindan la Uni\u00f3n Temporal Bucaramanga Nutrida y la Uni\u00f3n Temporal HIS Bucaramanga.<\/p>\n","protected":false},"excerpt":{"rendered":"<p>El Gobierno de Juan Carlos C\u00e1rdenas entreg\u00f3 cuentas y resultados en la Mesa P\u00fablica del Programa de Alimentaci\u00f3n Escolar, PAE, en la que se explicaron los componentes que contribuyen al acceso, la permanencia y el bienestar de 36.107 ni\u00f1os, ni\u00f1as y adolescentes de 113 sedes educativas. Para este a\u00f1o, el presupuesto asciende a m\u00e1s de [&hellip;]<\/p>\n","protected":false},"author":8,"featured_media":21158,"comment_status":"open","ping_status":"open","sticky":false,"template":"","format":"standard","meta":{"_bbp_topic_count":0,"_bbp_reply_count":0,"_bbp_total_topic_count":0,"_bbp_total_reply_count":0,"_bbp_voice_count":0,"_bbp_anonymous_reply_count":0,"_bbp_topic_count_hidden":0,"_bbp_reply_count_hidden":0,"_bbp_forum_subforum_count":0,"footnotes":""},"categories":[1],"tags":[],"_links":{"self":[{"href":"https:\/\/www.seb.gov.co\/index.php\/wp-json\/wp\/v2\/posts\/21157"}],"collection":[{"href":"https:\/\/www.seb.gov.co\/index.php\/wp-json\/wp\/v2\/posts"}],"about":[{"href":"https:\/\/www.seb.gov.co\/index.php\/wp-json\/wp\/v2\/types\/post"}],"author":[{"embeddable":true,"href":"https:\/\/www.seb.gov.co\/index.php\/wp-json\/wp\/v2\/users\/8"}],"replies":[{"embeddable":true,"href":"https:\/\/www.seb.gov.co\/index.php\/wp-json\/wp\/v2\/comments?post=21157"}],"version-history":[{"count":1,"href":"https:\/\/www.seb.gov.co\/index.php\/wp-json\/wp\/v2\/posts\/21157\/revisions"}],"predecessor-version":[{"id":21159,"href":"https:\/\/www.seb.gov.co\/index.php\/wp-json\/wp\/v2\/posts\/21157\/revisions\/21159"}],"wp:featuredmedia":[{"embeddable":true,"href":"https:\/\/www.seb.gov.co\/index.php\/wp-json\/wp\/v2\/media\/21158"}],"wp:attachment":[{"href":"https:\/\/www.seb.gov.co\/index.php\/wp-json\/wp\/v2\/media?parent=21157"}],"wp:term":[{"taxonomy":"category","embeddable":true,"href":"https:\/\/www.seb.gov.co\/index.php\/wp-json\/wp\/v2\/categories?post=21157"},{"taxonomy":"post_tag","embeddable":true,"href":"https:\/\/www.seb.gov.co\/index.php\/wp-json\/wp\/v2\/tags?post=21157"}],"curies":[{"name":"wp","href":"https:\/\/api.w.org\/{rel}","templated":true}]}}