{"id":21117,"date":"2023-03-29T20:05:50","date_gmt":"2023-03-29T20:05:50","guid":{"rendered":"https:\/\/www.seb.gov.co\/?p=21117"},"modified":"2023-04-17T14:32:31","modified_gmt":"2023-04-17T14:32:31","slug":"el-santander-y-la-uis-le-apuestan-a-una-integracion-que-le-abra-puertas-a-la-cultura-el-arte-y-la-ciencia","status":"publish","type":"post","link":"https:\/\/www.seb.gov.co\/index.php\/2023\/03\/29\/el-santander-y-la-uis-le-apuestan-a-una-integracion-que-le-abra-puertas-a-la-cultura-el-arte-y-la-ciencia\/","title":{"rendered":"El Santander y la UIS le apuestan a una integraci\u00f3n que le abra puertas a la cultura, el arte y la ciencia"},"content":{"rendered":"<p>En un proyecto de cooperaci\u00f3n, entre el Gobierno de Juan Carlos C\u00e1rdenas, el colegio Santander y la Universidad Industrial de Santander, UIS, se lograr\u00e1 la integraci\u00f3n de la educaci\u00f3n b\u00e1sica, media y superior para realizar actividades culturales, deportivas y acad\u00e9micas que beneficien a la poblaci\u00f3n educativa.<\/p>\n<p>A trav\u00e9s de la articulaci\u00f3n de esfuerzos se quiere avanzar en un plan de acci\u00f3n para<strong>\u00a0<\/strong>cerrar brechas, incentivar la competitividad y generar una movilidad social.<\/p>\n<p>\u201cLa universidad est\u00e1 abierta para integrarse con sus vecinos y queremos compartir infraestructura y procesos de ense\u00f1anza y aprendizaje que faciliten la formaci\u00f3n de estos ni\u00f1os y j\u00f3venes, que en un futuro llegar\u00e1n a la UIS y a otras instituciones de educaci\u00f3n superior\u201d, expres\u00f3 Hern\u00e1n Porras D\u00edaz, rector de la UIS.<\/p>\n<p>El encuentro entre los directivos de la universidad y el secretario de Educaci\u00f3n, Jairo Enrique Gonz\u00e1lez, permiti\u00f3 revisar las instalaciones del colegio y proyectar los cambios, adecuaciones y escenarios que se pueden adaptar o intervenir para que sean modernos y de f\u00e1cil acceso.<\/p>\n<p>\u201cEstamos revisando los espacios y c\u00f3mo integramos las \u00e1reas comunes para el bienestar de los alumnos. Ser\u00e1 vital la conectividad y los programas acad\u00e9micos\u201d dijo Gonz\u00e1lez.<\/p>\n<p>Es as\u00ed como esta integraci\u00f3n permitir\u00e1 la colaboraci\u00f3n de todo un equipo interdisciplinario, para el disfrute de las instalaciones y desarrollar procesos en conjunto.<\/p>\n<p>\u201cQueremos ser de puertas abiertas y que trabajemos de la mano. Que todos puedan disfrutar de los escenarios y de estas alianzas que generan cambios positivos para la ciudad\u201d, concluy\u00f3 Ana Isabel Pino, rectora del Santander<strong>.<\/strong><\/p>\n<p>Pr\u00f3ximamente se definir\u00e1n los alcances a ejecutar en el convenio interinstitucional y se avanzar\u00e1 con las respectivas mesas de di\u00e1logo. \u00a1Gobernar es Hacer!<\/p>\n<p><strong><em>Por: Martha Boh\u00f3rquez<\/em><\/strong><\/p>\n","protected":false},"excerpt":{"rendered":"<p>En un proyecto de cooperaci\u00f3n, entre el Gobierno de Juan Carlos C\u00e1rdenas, el colegio Santander y la Universidad Industrial de Santander, UIS, se lograr\u00e1 la integraci\u00f3n de la educaci\u00f3n b\u00e1sica, media y superior para realizar actividades culturales, deportivas y acad\u00e9micas que beneficien a la poblaci\u00f3n educativa. A trav\u00e9s de la articulaci\u00f3n de esfuerzos se quiere [&hellip;]<\/p>\n","protected":false},"author":8,"featured_media":21118,"comment_status":"open","ping_status":"open","sticky":false,"template":"","format":"standard","meta":{"_bbp_topic_count":0,"_bbp_reply_count":0,"_bbp_total_topic_count":0,"_bbp_total_reply_count":0,"_bbp_voice_count":0,"_bbp_anonymous_reply_count":0,"_bbp_topic_count_hidden":0,"_bbp_reply_count_hidden":0,"_bbp_forum_subforum_count":0,"footnotes":""},"categories":[1],"tags":[],"_links":{"self":[{"href":"https:\/\/www.seb.gov.co\/index.php\/wp-json\/wp\/v2\/posts\/21117"}],"collection":[{"href":"https:\/\/www.seb.gov.co\/index.php\/wp-json\/wp\/v2\/posts"}],"about":[{"href":"https:\/\/www.seb.gov.co\/index.php\/wp-json\/wp\/v2\/types\/post"}],"author":[{"embeddable":true,"href":"https:\/\/www.seb.gov.co\/index.php\/wp-json\/wp\/v2\/users\/8"}],"replies":[{"embeddable":true,"href":"https:\/\/www.seb.gov.co\/index.php\/wp-json\/wp\/v2\/comments?post=21117"}],"version-history":[{"count":2,"href":"https:\/\/www.seb.gov.co\/index.php\/wp-json\/wp\/v2\/posts\/21117\/revisions"}],"predecessor-version":[{"id":21128,"href":"https:\/\/www.seb.gov.co\/index.php\/wp-json\/wp\/v2\/posts\/21117\/revisions\/21128"}],"wp:featuredmedia":[{"embeddable":true,"href":"https:\/\/www.seb.gov.co\/index.php\/wp-json\/wp\/v2\/media\/21118"}],"wp:attachment":[{"href":"https:\/\/www.seb.gov.co\/index.php\/wp-json\/wp\/v2\/media?parent=21117"}],"wp:term":[{"taxonomy":"category","embeddable":true,"href":"https:\/\/www.seb.gov.co\/index.php\/wp-json\/wp\/v2\/categories?post=21117"},{"taxonomy":"post_tag","embeddable":true,"href":"https:\/\/www.seb.gov.co\/index.php\/wp-json\/wp\/v2\/tags?post=21117"}],"curies":[{"name":"wp","href":"https:\/\/api.w.org\/{rel}","templated":true}]}}