{"id":19542,"date":"2022-08-12T13:48:41","date_gmt":"2022-08-12T13:48:41","guid":{"rendered":"https:\/\/www.seb.gov.co\/?p=19542"},"modified":"2022-09-19T13:25:17","modified_gmt":"2022-09-19T13:25:17","slug":"bucaramanga-articula-esfuerzos-para-consolidar-un-territorio-bilingue","status":"publish","type":"post","link":"https:\/\/www.seb.gov.co\/index.php\/2022\/08\/12\/bucaramanga-articula-esfuerzos-para-consolidar-un-territorio-bilingue\/","title":{"rendered":"Bucaramanga articula esfuerzos para consolidar un territorio biling\u00fce"},"content":{"rendered":"<p><strong>En Bucaramanga hay varias compa\u00f1\u00edas que solicitan personal con la habilidad de hablar ingl\u00e9s, inclusive se necesitan a m\u00e1s de 800 personas mensuales con niveles B1 y B2.<\/strong><\/p>\n<p>Es por esto que, con el liderazgo de la Secretar\u00eda de Educaci\u00f3n, la C\u00e1mara de Comercio, la Comisi\u00f3n Regional de Competitividad y la\u00a0academia, entre otras entidades,\u00a0se aborda una iniciativa para impulsar el idioma.<\/p>\n<p>Hans Toro, representante de la C\u00e1mara de Comercio, explic\u00f3 que durante cuatro meses se trabaj\u00f3 en torno a una metodolog\u00eda que arroj\u00f3 tres ejes de trabajo a seguir:<\/p>\n<figure class=\"wp-block-image size-full\"><img decoding=\"async\" loading=\"lazy\" class=\"wp-image-147201\" src=\"https:\/\/www.bucaramanga.gov.co\/wp-content\/uploads\/2022\/08\/firma-pacto-bili.jpg\" sizes=\"(min-width: 0px) and (max-width: 480px) 480px, (min-width: 481px) 550px, 100vw\" srcset=\"https:\/\/www.bucaramanga.gov.co\/wp-content\/uploads\/2022\/08\/firma-pacto-bili.jpg 550w, https:\/\/www.bucaramanga.gov.co\/wp-content\/uploads\/2022\/08\/firma-pacto-bili-480x262.jpg 480w\" alt=\"\" width=\"550\" height=\"300\" \/><figcaption>Fotograf\u00eda: Prensa Alcald\u00eda<\/figcaption><\/figure>\n<p>Leer tambi\u00e9n:\u00a0<a role=\"link\" href=\"https:\/\/www.bucaramanga.gov.co\/noticias\/bucaramanga-vuelve-a-ser-municipio-con-categoria-especial\/\" rel=\"noreferrer noopener\">Bucaramanga vuelve a ser municipio con categor\u00eda especial<\/a><\/p>\n<h2>Ejes de trabajo en Bucaramanga y su \u00e1rea metropolitana<\/h2>\n<p>-Intervenci\u00f3n institucional. Son part\u00edcipes la Gobernaci\u00f3n, alcald\u00edas, asamblea y concejos para que desarrollen pol\u00edticas p\u00fablicas en ingl\u00e9s.<\/p>\n<p>\u2013 Articulaci\u00f3n de la academia. Brindar atenci\u00f3n y fortalecimiento del idioma en los colegios.<\/p>\n<p>\u2013 Articulaci\u00f3n empresarial. la consigna es recibir la mano de obra preparada.<\/p>\n<p>\u201cNo hay posibilidad de que nos conectemos con el mundo sino fortalecemos el ingl\u00e9s\u201d, manifest\u00f3 el alcalde de Bucaramanga, Juan Carlos C\u00e1rdenas, en la presentaci\u00f3n del proyecto.<\/p>\n<p>El presidente de la C\u00e1mara de Comercio, Juan Carlos Rinc\u00f3n, destac\u00f3 que el proceso se cumplir\u00e1 b\u00e1sicamente con estudiantes de colegios.<\/p>\n<p>La Secretar\u00eda de Educaci\u00f3n trabaja, desde hace 6 a\u00f1os, con el Programa Municipal de Biling\u00fcismo. Docentes de 16 instituciones educativas reciben conocimientos con resultados importantes.<\/p>\n<p>\u201cVenimos avanzando y justamente los resultados en las pruebas de Estado indican que se est\u00e1 cerrando la brecha\u201d, dijo Ana Leonor Rueda, secretaria de Educaci\u00f3n del Municipio.<\/p>\n<p>El proyecto busca que miles de estudiantes y docentes aprendan el idioma ingl\u00e9s, en un Nivel B1 y B2, para atraer la inversi\u00f3n extranjera en la ciudad e incentivar el empleo.<\/p>\n<p><strong>\u00a1Todos los j\u00f3venes merecen oportunidades!<\/strong><\/p>\n","protected":false},"excerpt":{"rendered":"<p>En Bucaramanga hay varias compa\u00f1\u00edas que solicitan personal con la habilidad de hablar ingl\u00e9s, inclusive se necesitan a m\u00e1s de 800 personas mensuales con niveles B1 y B2. Es por esto que, con el liderazgo de la Secretar\u00eda de Educaci\u00f3n, la C\u00e1mara de Comercio, la Comisi\u00f3n Regional de Competitividad y la\u00a0academia, entre otras entidades,\u00a0se aborda [&hellip;]<\/p>\n","protected":false},"author":1,"featured_media":19543,"comment_status":"open","ping_status":"open","sticky":false,"template":"","format":"standard","meta":{"_bbp_topic_count":0,"_bbp_reply_count":0,"_bbp_total_topic_count":0,"_bbp_total_reply_count":0,"_bbp_voice_count":0,"_bbp_anonymous_reply_count":0,"_bbp_topic_count_hidden":0,"_bbp_reply_count_hidden":0,"_bbp_forum_subforum_count":0,"footnotes":""},"categories":[1],"tags":[],"_links":{"self":[{"href":"https:\/\/www.seb.gov.co\/index.php\/wp-json\/wp\/v2\/posts\/19542"}],"collection":[{"href":"https:\/\/www.seb.gov.co\/index.php\/wp-json\/wp\/v2\/posts"}],"about":[{"href":"https:\/\/www.seb.gov.co\/index.php\/wp-json\/wp\/v2\/types\/post"}],"author":[{"embeddable":true,"href":"https:\/\/www.seb.gov.co\/index.php\/wp-json\/wp\/v2\/users\/1"}],"replies":[{"embeddable":true,"href":"https:\/\/www.seb.gov.co\/index.php\/wp-json\/wp\/v2\/comments?post=19542"}],"version-history":[{"count":1,"href":"https:\/\/www.seb.gov.co\/index.php\/wp-json\/wp\/v2\/posts\/19542\/revisions"}],"predecessor-version":[{"id":19544,"href":"https:\/\/www.seb.gov.co\/index.php\/wp-json\/wp\/v2\/posts\/19542\/revisions\/19544"}],"wp:featuredmedia":[{"embeddable":true,"href":"https:\/\/www.seb.gov.co\/index.php\/wp-json\/wp\/v2\/media\/19543"}],"wp:attachment":[{"href":"https:\/\/www.seb.gov.co\/index.php\/wp-json\/wp\/v2\/media?parent=19542"}],"wp:term":[{"taxonomy":"category","embeddable":true,"href":"https:\/\/www.seb.gov.co\/index.php\/wp-json\/wp\/v2\/categories?post=19542"},{"taxonomy":"post_tag","embeddable":true,"href":"https:\/\/www.seb.gov.co\/index.php\/wp-json\/wp\/v2\/tags?post=19542"}],"curies":[{"name":"wp","href":"https:\/\/api.w.org\/{rel}","templated":true}]}}