{"id":19071,"date":"2022-07-26T14:22:43","date_gmt":"2022-07-26T14:22:43","guid":{"rendered":"https:\/\/www.seb.gov.co\/?p=19071"},"modified":"2022-09-19T13:25:41","modified_gmt":"2022-09-19T13:25:41","slug":"en-lo-que-va-del-ano-13-520-personas-han-visitado-las-ludotecas-de-bucaramanga","status":"publish","type":"post","link":"https:\/\/www.seb.gov.co\/index.php\/2022\/07\/26\/en-lo-que-va-del-ano-13-520-personas-han-visitado-las-ludotecas-de-bucaramanga\/","title":{"rendered":"En lo que va del a\u00f1o, 13.520 personas han visitado las ludotecas de Bucaramanga"},"content":{"rendered":"<p><strong>Junto con sus padres, los menores entre los 0 y 13 a\u00f1os han sido los part\u00edcipes de las ludotecas. En los pr\u00f3ximas d\u00edas estar\u00e1 nuevamente en funcionamiento la ubicada en el Centro Cultural del Oriente.<\/strong><\/p>\n<p>Entre el 1 de febrero y el 21 de julio de 2022, han sido 13.520 las personas que han visitado las ludotecas habilitadas en Bucaramanga para hacer del juego y la diversi\u00f3n un mayor aprendizaje.<\/p>\n<p>Los menores entre los 0 y 13 a\u00f1os han participado, junto con sus padres, de estos espacios que permiten pasar un \u2018rato\u2019 agradable.<\/p>\n<p>Con kits de legos, instrumentos musicales, pintura, dibujo y m\u00e1s, \u201clos grandes y los chicos la pasan bien, refuerzan la uni\u00f3n y el contacto directo con las familias para estrechar lazos de afecto y creatividad\u201d, insisti\u00f3 la secretaria de Educaci\u00f3n de Bucaramanga, Ana Leonor Rueda.<\/p>\n<p>Para Luz Stella Valencia, quien no conoc\u00eda la ludoteca ubicada en La Ceiba Bosque Encantado, este escenario en la ciudad permite el disfrute de sus hijos, por lo que refiri\u00f3 que \u201ca veces tenemos encerrados a los ni\u00f1os en nuestra casa, no sabemos qu\u00e9 hacer o d\u00f3nde llevarlos y esto me parece muy bonito. Hay cuentos, juegos para armar, m\u00fasica y muchas cosas\u201d.<\/p>\n<p>Lea tambi\u00e9n:\u00a0<a role=\"link\" href=\"https:\/\/www.bucaramanga.gov.co\/noticias\/bucaramanga-protagonista-en-la-bienal-colombiana-de-arquitectura\/\">Bucaramanga protagonista en la Bienal Colombiana de Arquitectura<\/a><\/p>\n<p>A\u00f1adi\u00f3 adem\u00e1s que estas zonas l\u00fadicas en Bucaramanga tambi\u00e9n favorece para que los ni\u00f1os \u201caprendan, mediante el juego, a interactuar y a integrarse con otros amiguitos\u201d.<\/p>\n<p>A<strong>s\u00ed son las ludotecas:<\/strong><\/p>\n<p>La Ceiba Bosque Encantado<\/p>\n<figure class=\"wp-block-gallery columns-3 is-cropped\">\n<ul class=\"blocks-gallery-grid\">\n<li class=\"blocks-gallery-item\">\n<figure><img decoding=\"async\" loading=\"lazy\" class=\"wp-image-146232\" src=\"https:\/\/www.bucaramanga.gov.co\/wp-content\/uploads\/2022\/07\/868bac53-9519-4210-840b-a41bb355a32a.jpg\" sizes=\"(min-width: 0px) and (max-width: 480px) 480px, (min-width: 481px) 500px, 100vw\" srcset=\"https:\/\/www.bucaramanga.gov.co\/wp-content\/uploads\/2022\/07\/868bac53-9519-4210-840b-a41bb355a32a.jpg 500w, https:\/\/www.bucaramanga.gov.co\/wp-content\/uploads\/2022\/07\/868bac53-9519-4210-840b-a41bb355a32a-480x288.jpg 480w\" alt=\"\" width=\"500\" height=\"300\" data-id=\"146232\" data-full-url=\"https:\/\/www.bucaramanga.gov.co\/wp-content\/uploads\/2022\/07\/868bac53-9519-4210-840b-a41bb355a32a.jpg\" data-link=\"https:\/\/www.bucaramanga.gov.co\/?attachment_id=146232\" \/><\/figure>\n<\/li>\n<li class=\"blocks-gallery-item\">\n<figure><img decoding=\"async\" loading=\"lazy\" class=\"wp-image-146233\" src=\"https:\/\/www.bucaramanga.gov.co\/wp-content\/uploads\/2022\/07\/Copia-de-FYH1_sCX0AEDvRh.jpg\" sizes=\"(min-width: 0px) and (max-width: 480px) 480px, (min-width: 481px) 500px, 100vw\" srcset=\"https:\/\/www.bucaramanga.gov.co\/wp-content\/uploads\/2022\/07\/Copia-de-FYH1_sCX0AEDvRh.jpg 500w, https:\/\/www.bucaramanga.gov.co\/wp-content\/uploads\/2022\/07\/Copia-de-FYH1_sCX0AEDvRh-480x288.jpg 480w\" alt=\"\" width=\"500\" height=\"300\" data-id=\"146233\" data-full-url=\"https:\/\/www.bucaramanga.gov.co\/wp-content\/uploads\/2022\/07\/Copia-de-FYH1_sCX0AEDvRh.jpg\" data-link=\"https:\/\/www.bucaramanga.gov.co\/?attachment_id=146233\" \/><\/figure>\n<\/li>\n<li class=\"blocks-gallery-item\">\n<figure><img decoding=\"async\" loading=\"lazy\" class=\"wp-image-146234\" src=\"https:\/\/www.bucaramanga.gov.co\/wp-content\/uploads\/2022\/07\/FYH1_sCWAAAjJID.jpg\" sizes=\"(min-width: 0px) and (max-width: 480px) 480px, (min-width: 481px) 500px, 100vw\" srcset=\"https:\/\/www.bucaramanga.gov.co\/wp-content\/uploads\/2022\/07\/FYH1_sCWAAAjJID.jpg 500w, https:\/\/www.bucaramanga.gov.co\/wp-content\/uploads\/2022\/07\/FYH1_sCWAAAjJID-480x288.jpg 480w\" alt=\"\" width=\"500\" height=\"300\" data-id=\"146234\" data-full-url=\"https:\/\/www.bucaramanga.gov.co\/wp-content\/uploads\/2022\/07\/FYH1_sCWAAAjJID.jpg\" data-link=\"https:\/\/www.bucaramanga.gov.co\/?attachment_id=146234\" \/><\/figure>\n<\/li>\n<\/ul>\n<\/figure>\n<p>Estaci\u00f3n Caf\u00e9 Madrid<\/p>\n<figure class=\"wp-block-gallery columns-3 is-cropped\">\n<ul class=\"blocks-gallery-grid\">\n<li class=\"blocks-gallery-item\">\n<figure><img decoding=\"async\" loading=\"lazy\" class=\"wp-image-146237\" src=\"https:\/\/www.bucaramanga.gov.co\/wp-content\/uploads\/2022\/07\/85925b27-403d-4044-bfd5-5d839bd78b61.jpg\" sizes=\"(min-width: 0px) and (max-width: 480px) 480px, (min-width: 481px) 500px, 100vw\" srcset=\"https:\/\/www.bucaramanga.gov.co\/wp-content\/uploads\/2022\/07\/85925b27-403d-4044-bfd5-5d839bd78b61.jpg 500w, https:\/\/www.bucaramanga.gov.co\/wp-content\/uploads\/2022\/07\/85925b27-403d-4044-bfd5-5d839bd78b61-480x288.jpg 480w\" alt=\"\" width=\"500\" height=\"300\" data-id=\"146237\" data-full-url=\"https:\/\/www.bucaramanga.gov.co\/wp-content\/uploads\/2022\/07\/85925b27-403d-4044-bfd5-5d839bd78b61.jpg\" data-link=\"https:\/\/www.bucaramanga.gov.co\/?attachment_id=146237\" \/><\/figure>\n<\/li>\n<li class=\"blocks-gallery-item\">\n<figure><img decoding=\"async\" loading=\"lazy\" class=\"wp-image-146238\" src=\"https:\/\/www.bucaramanga.gov.co\/wp-content\/uploads\/2022\/07\/77609a96-c8f4-4948-af8f-66f8fa7a88d3.jpg\" sizes=\"(min-width: 0px) and (max-width: 480px) 480px, (min-width: 481px) 500px, 100vw\" srcset=\"https:\/\/www.bucaramanga.gov.co\/wp-content\/uploads\/2022\/07\/77609a96-c8f4-4948-af8f-66f8fa7a88d3.jpg 500w, https:\/\/www.bucaramanga.gov.co\/wp-content\/uploads\/2022\/07\/77609a96-c8f4-4948-af8f-66f8fa7a88d3-480x288.jpg 480w\" alt=\"\" width=\"500\" height=\"300\" data-id=\"146238\" data-full-url=\"https:\/\/www.bucaramanga.gov.co\/wp-content\/uploads\/2022\/07\/77609a96-c8f4-4948-af8f-66f8fa7a88d3.jpg\" data-link=\"https:\/\/www.bucaramanga.gov.co\/?attachment_id=146238\" \/><\/figure>\n<\/li>\n<li class=\"blocks-gallery-item\">\n<figure><img decoding=\"async\" loading=\"lazy\" class=\"wp-image-146239\" src=\"https:\/\/www.bucaramanga.gov.co\/wp-content\/uploads\/2022\/07\/dd223333-1cb1-46c9-af7b-0d289461149c.jpg\" sizes=\"(min-width: 0px) and (max-width: 480px) 480px, (min-width: 481px) 500px, 100vw\" srcset=\"https:\/\/www.bucaramanga.gov.co\/wp-content\/uploads\/2022\/07\/dd223333-1cb1-46c9-af7b-0d289461149c.jpg 500w, https:\/\/www.bucaramanga.gov.co\/wp-content\/uploads\/2022\/07\/dd223333-1cb1-46c9-af7b-0d289461149c-480x288.jpg 480w\" alt=\"\" width=\"500\" height=\"300\" data-id=\"146239\" data-full-url=\"https:\/\/www.bucaramanga.gov.co\/wp-content\/uploads\/2022\/07\/dd223333-1cb1-46c9-af7b-0d289461149c.jpg\" data-link=\"https:\/\/www.bucaramanga.gov.co\/?attachment_id=146239\" \/><\/figure>\n<\/li>\n<\/ul>\n<\/figure>\n<p>Recrear del Norte<\/p>\n<figure class=\"wp-block-gallery columns-3 is-cropped\">\n<ul class=\"blocks-gallery-grid\">\n<li class=\"blocks-gallery-item\">\n<figure><img decoding=\"async\" loading=\"lazy\" class=\"wp-image-146241\" src=\"https:\/\/www.bucaramanga.gov.co\/wp-content\/uploads\/2022\/07\/FYH_5DgWQAcAqCU.jpg\" sizes=\"(min-width: 0px) and (max-width: 480px) 480px, (min-width: 481px) 500px, 100vw\" srcset=\"https:\/\/www.bucaramanga.gov.co\/wp-content\/uploads\/2022\/07\/FYH_5DgWQAcAqCU.jpg 500w, https:\/\/www.bucaramanga.gov.co\/wp-content\/uploads\/2022\/07\/FYH_5DgWQAcAqCU-480x288.jpg 480w\" alt=\"\" width=\"500\" height=\"300\" data-id=\"146241\" data-full-url=\"https:\/\/www.bucaramanga.gov.co\/wp-content\/uploads\/2022\/07\/FYH_5DgWQAcAqCU.jpg\" data-link=\"https:\/\/www.bucaramanga.gov.co\/?attachment_id=146241\" \/><\/figure>\n<\/li>\n<li class=\"blocks-gallery-item\">\n<figure><img decoding=\"async\" loading=\"lazy\" class=\"wp-image-146242\" src=\"https:\/\/www.bucaramanga.gov.co\/wp-content\/uploads\/2022\/07\/FVPnpxGXEAAKPey.jpg\" sizes=\"(min-width: 0px) and (max-width: 480px) 480px, (min-width: 481px) 500px, 100vw\" srcset=\"https:\/\/www.bucaramanga.gov.co\/wp-content\/uploads\/2022\/07\/FVPnpxGXEAAKPey.jpg 500w, https:\/\/www.bucaramanga.gov.co\/wp-content\/uploads\/2022\/07\/FVPnpxGXEAAKPey-480x288.jpg 480w\" alt=\"\" width=\"500\" height=\"300\" data-id=\"146242\" data-full-url=\"https:\/\/www.bucaramanga.gov.co\/wp-content\/uploads\/2022\/07\/FVPnpxGXEAAKPey.jpg\" data-link=\"https:\/\/www.bucaramanga.gov.co\/?attachment_id=146242\" \/><\/figure>\n<\/li>\n<li class=\"blocks-gallery-item\">\n<figure><img decoding=\"async\" loading=\"lazy\" class=\"wp-image-146243\" src=\"https:\/\/www.bucaramanga.gov.co\/wp-content\/uploads\/2022\/07\/FVPlc86XwAI2_7v.jpg\" sizes=\"(min-width: 0px) and (max-width: 480px) 480px, (min-width: 481px) 500px, 100vw\" srcset=\"https:\/\/www.bucaramanga.gov.co\/wp-content\/uploads\/2022\/07\/FVPlc86XwAI2_7v.jpg 500w, https:\/\/www.bucaramanga.gov.co\/wp-content\/uploads\/2022\/07\/FVPlc86XwAI2_7v-480x288.jpg 480w\" alt=\"\" width=\"500\" height=\"300\" data-id=\"146243\" data-full-url=\"https:\/\/www.bucaramanga.gov.co\/wp-content\/uploads\/2022\/07\/FVPlc86XwAI2_7v.jpg\" data-link=\"https:\/\/www.bucaramanga.gov.co\/?attachment_id=146243\" \/><\/figure>\n<\/li>\n<\/ul>\n<\/figure>\n<p>Centro Vida Kennedy<\/p>\n<figure class=\"wp-block-gallery columns-3 is-cropped\">\n<ul class=\"blocks-gallery-grid\">\n<li class=\"blocks-gallery-item\">\n<figure><img decoding=\"async\" loading=\"lazy\" class=\"wp-image-146245\" src=\"https:\/\/www.bucaramanga.gov.co\/wp-content\/uploads\/2022\/07\/Copia-de-FYH_5DiXkAE6b3D.jpg\" sizes=\"(min-width: 0px) and (max-width: 480px) 480px, (min-width: 481px) 500px, 100vw\" srcset=\"https:\/\/www.bucaramanga.gov.co\/wp-content\/uploads\/2022\/07\/Copia-de-FYH_5DiXkAE6b3D.jpg 500w, https:\/\/www.bucaramanga.gov.co\/wp-content\/uploads\/2022\/07\/Copia-de-FYH_5DiXkAE6b3D-480x288.jpg 480w\" alt=\"\" width=\"500\" height=\"300\" data-id=\"146245\" data-full-url=\"https:\/\/www.bucaramanga.gov.co\/wp-content\/uploads\/2022\/07\/Copia-de-FYH_5DiXkAE6b3D.jpg\" data-link=\"https:\/\/www.bucaramanga.gov.co\/?attachment_id=146245\" \/><\/figure>\n<\/li>\n<li class=\"blocks-gallery-item\">\n<figure><img decoding=\"async\" loading=\"lazy\" class=\"wp-image-146246\" src=\"https:\/\/www.bucaramanga.gov.co\/wp-content\/uploads\/2022\/07\/4cd17db7-1179-41a3-b74b-ec1c073b8113.jpg\" sizes=\"(min-width: 0px) and (max-width: 480px) 480px, (min-width: 481px) 500px, 100vw\" srcset=\"https:\/\/www.bucaramanga.gov.co\/wp-content\/uploads\/2022\/07\/4cd17db7-1179-41a3-b74b-ec1c073b8113.jpg 500w, https:\/\/www.bucaramanga.gov.co\/wp-content\/uploads\/2022\/07\/4cd17db7-1179-41a3-b74b-ec1c073b8113-480x288.jpg 480w\" alt=\"\" width=\"500\" height=\"300\" data-id=\"146246\" data-full-url=\"https:\/\/www.bucaramanga.gov.co\/wp-content\/uploads\/2022\/07\/4cd17db7-1179-41a3-b74b-ec1c073b8113.jpg\" data-link=\"https:\/\/www.bucaramanga.gov.co\/?attachment_id=146246\" \/><\/figure>\n<\/li>\n<li class=\"blocks-gallery-item\">\n<figure><img decoding=\"async\" loading=\"lazy\" class=\"wp-image-146247\" src=\"https:\/\/www.bucaramanga.gov.co\/wp-content\/uploads\/2022\/07\/3df0dd01-2a14-4928-ae68-e9cbba6aa039.jpg\" sizes=\"(min-width: 0px) and (max-width: 480px) 480px, (min-width: 481px) 500px, 100vw\" srcset=\"https:\/\/www.bucaramanga.gov.co\/wp-content\/uploads\/2022\/07\/3df0dd01-2a14-4928-ae68-e9cbba6aa039.jpg 500w, https:\/\/www.bucaramanga.gov.co\/wp-content\/uploads\/2022\/07\/3df0dd01-2a14-4928-ae68-e9cbba6aa039-480x288.jpg 480w\" alt=\"\" width=\"500\" height=\"300\" data-id=\"146247\" data-full-url=\"https:\/\/www.bucaramanga.gov.co\/wp-content\/uploads\/2022\/07\/3df0dd01-2a14-4928-ae68-e9cbba6aa039.jpg\" data-link=\"https:\/\/www.bucaramanga.gov.co\/?attachment_id=146247\" \/><\/figure>\n<\/li>\n<\/ul>\n<\/figure>\n<p>En los pr\u00f3ximos d\u00edas estar\u00e1 nuevamente en funcionamiento la ludoteca ubicada en el Centro Cultural del Oriente.<\/p>\n<p><strong>Los horarios de atenci\u00f3n son:<\/strong><\/p>\n<p><strong>Lunes a viernes.<\/strong>\u00a08:00 a.m. a 12:00 m. y de 1:00 p.m. a 5:00 p.m.<\/p>\n<p><strong>S\u00e1bado.\u00a0<\/strong>8:00 a.m. a 12:00 m. y de 1:00 p.m. a 3:00 p.m.<\/p>\n<p><strong>Domingo.<\/strong>\u00a09:00 a.m. a 12:00 m.<\/p>\n","protected":false},"excerpt":{"rendered":"<p>Junto con sus padres, los menores entre los 0 y 13 a\u00f1os han sido los part\u00edcipes de las ludotecas. En los pr\u00f3ximas d\u00edas estar\u00e1 nuevamente en funcionamiento la ubicada en el Centro Cultural del Oriente. Entre el 1 de febrero y el 21 de julio de 2022, han sido 13.520 las personas que han visitado [&hellip;]<\/p>\n","protected":false},"author":1,"featured_media":19072,"comment_status":"open","ping_status":"open","sticky":false,"template":"","format":"standard","meta":{"_bbp_topic_count":0,"_bbp_reply_count":0,"_bbp_total_topic_count":0,"_bbp_total_reply_count":0,"_bbp_voice_count":0,"_bbp_anonymous_reply_count":0,"_bbp_topic_count_hidden":0,"_bbp_reply_count_hidden":0,"_bbp_forum_subforum_count":0,"footnotes":""},"categories":[1],"tags":[],"_links":{"self":[{"href":"https:\/\/www.seb.gov.co\/index.php\/wp-json\/wp\/v2\/posts\/19071"}],"collection":[{"href":"https:\/\/www.seb.gov.co\/index.php\/wp-json\/wp\/v2\/posts"}],"about":[{"href":"https:\/\/www.seb.gov.co\/index.php\/wp-json\/wp\/v2\/types\/post"}],"author":[{"embeddable":true,"href":"https:\/\/www.seb.gov.co\/index.php\/wp-json\/wp\/v2\/users\/1"}],"replies":[{"embeddable":true,"href":"https:\/\/www.seb.gov.co\/index.php\/wp-json\/wp\/v2\/comments?post=19071"}],"version-history":[{"count":1,"href":"https:\/\/www.seb.gov.co\/index.php\/wp-json\/wp\/v2\/posts\/19071\/revisions"}],"predecessor-version":[{"id":19073,"href":"https:\/\/www.seb.gov.co\/index.php\/wp-json\/wp\/v2\/posts\/19071\/revisions\/19073"}],"wp:featuredmedia":[{"embeddable":true,"href":"https:\/\/www.seb.gov.co\/index.php\/wp-json\/wp\/v2\/media\/19072"}],"wp:attachment":[{"href":"https:\/\/www.seb.gov.co\/index.php\/wp-json\/wp\/v2\/media?parent=19071"}],"wp:term":[{"taxonomy":"category","embeddable":true,"href":"https:\/\/www.seb.gov.co\/index.php\/wp-json\/wp\/v2\/categories?post=19071"},{"taxonomy":"post_tag","embeddable":true,"href":"https:\/\/www.seb.gov.co\/index.php\/wp-json\/wp\/v2\/tags?post=19071"}],"curies":[{"name":"wp","href":"https:\/\/api.w.org\/{rel}","templated":true}]}}