{"id":18923,"date":"2022-07-21T14:33:53","date_gmt":"2022-07-21T14:33:53","guid":{"rendered":"https:\/\/www.seb.gov.co\/?p=18923"},"modified":"2022-07-29T13:19:15","modified_gmt":"2022-07-29T13:19:15","slug":"conozca-la-programacion-de-colombia-4-0-el-evento-de-industrias-creativas-digitales-que-comienza-hoy-en-bucaramanga","status":"publish","type":"post","link":"https:\/\/www.seb.gov.co\/index.php\/2022\/07\/21\/conozca-la-programacion-de-colombia-4-0-el-evento-de-industrias-creativas-digitales-que-comienza-hoy-en-bucaramanga\/","title":{"rendered":"Conozca la programaci\u00f3n de Colombia 4.0, el evento de industrias creativas digitales que comienza hoy en Bucaramanga"},"content":{"rendered":"<p><strong>Durante este 21 y 22 de julio de 2022, el\u00a0Ministerio de Tecnolog\u00edas de la Informaci\u00f3n y las Comunicaciones\u00a0y la Alcald\u00eda de Bucaramanga realizan la cuarta edici\u00f3n regional de\u00a0Colombia 4.0 en Neomundo.<\/strong><\/p>\n<p>El evento ser\u00e1 presencial y virtual con el objetivo de fortalecer las Industrias Creativas Digitales y de TI en esta zona del pa\u00eds. Adem\u00e1s, contar\u00e1 con una agenda acad\u00e9mica, liderada por expertos en diferentes tem\u00e1ticas de Argentina, Espa\u00f1a, Estados Unidos, M\u00e9xico y Colombia.<\/p>\n<p>En este espacio se desarrollar\u00e1n talleres, zona de coworking, muestras comerciales y experiencias tecnol\u00f3gicas.\u00a0<a role=\"link\" href=\"https:\/\/col40.co\/750\/w3-propertyvalue-198253.html#data=%7B%22filter%22:%22%22,%22page%22:0%7D\">Ver programaci\u00f3n.<\/a><\/p>\n<p>El desarrollo de cada una de estas tem\u00e1ticas responde a que Bucaramanga ha venido apost\u00e1ndole al fortalecimiento de la industria TIC.\u00a0<em>\u00abUna muestra de ello es que en esta ciudad se cre\u00f3 el Cl\u00faster Corporativo TI de Santander en 2020, con el fin de consolidar los programas de innovaci\u00f3n corporativos, conectar a las empresas sofisticadas a nivel nacional e internacional, fomentar espacios con alto impacto en mercados internacionales y realizar proyectos de co-creaci\u00f3n con las industrias priorizadas en el departamento\u00bb,<\/em>\u00a0destac\u00f3\u00a0Carmen Ligia Valderrama Rojas, ministra TIC.<\/p>\n<p>Se aprovechar\u00e1 la infraestructura de la ciudad y el Colombia 4.0 tendr\u00e1 lugar en Neomundo. Pueden participar los creadores de contenido, empresarios, aficionados y profesionales de la industria TIC y ciudadan\u00eda en general. La entrada es gratuita.<\/p>\n<p><a role=\"link\" href=\"https:\/\/www.bucaramanga.gov.co\/noticias\/participa-de-colombia-4-0-el-encuentro-mas-importante-de-la-industria-creativa-digital-y-ti\/\" rel=\"noreferrer noopener\">Lea aqu\u00ed c\u00f3mo puede realizar la inscripci\u00f3n<\/a>.<\/p>\n<h2><strong>Tem\u00e1ticas<\/strong>\u00a0del Colombia 4.0<\/h2>\n<p><strong>Animaci\u00f3n e industria audiovisual:<\/strong>\u00a0Compartir una dosis de inspiraci\u00f3n y aprendizaje en todo lo relacionado con la animaci\u00f3n digital y la producci\u00f3n audiovisual. Desarrollar t\u00e9cnicas y profundizar habilidades al lado de los mejores exponentes del mundo.<\/p>\n<p><strong>Emprendimiento:<\/strong>\u00a0Compartir inspiraci\u00f3n a trav\u00e9s de los mejores exponentes del emprendimiento digital a nivel nacional e internacional, contando con la participaci\u00f3n de algunos de los unicornios latinos.<\/p>\n<p><strong>Habilidades Digitales:<\/strong>\u00a0Exponer un conjunto de conocimientos que permiten el uso seguro y eficiente de las tecnolog\u00edas de la informaci\u00f3n y las comunicaciones (TIC).<\/p>\n<p><strong>Innovaci\u00f3n 4.0:<\/strong>\u00a0Exponer las \u00faltimas tendencias, t\u00e9cnicas avanzadas y operaciones con tecnolog\u00edas inteligentes como la rob\u00f3tica, la anal\u00edtica, la inteligencia artificial, las tecnolog\u00edas cognitivas, la nanotecnolog\u00eda y el Internet of Things (IoT).<\/p>\n<p><strong>Videojuegos:<\/strong>\u00a0Compartir t\u00e9cnicas, secretos, tips y las \u00faltimas tendencias en el desarrollo, uso y comercializaci\u00f3n de esta industria.<\/p>\n","protected":false},"excerpt":{"rendered":"<p>Durante este 21 y 22 de julio de 2022, el\u00a0Ministerio de Tecnolog\u00edas de la Informaci\u00f3n y las Comunicaciones\u00a0y la Alcald\u00eda de Bucaramanga realizan la cuarta edici\u00f3n regional de\u00a0Colombia 4.0 en Neomundo. El evento ser\u00e1 presencial y virtual con el objetivo de fortalecer las Industrias Creativas Digitales y de TI en esta zona del pa\u00eds. Adem\u00e1s, [&hellip;]<\/p>\n","protected":false},"author":1,"featured_media":18924,"comment_status":"open","ping_status":"open","sticky":false,"template":"","format":"standard","meta":{"_bbp_topic_count":0,"_bbp_reply_count":0,"_bbp_total_topic_count":0,"_bbp_total_reply_count":0,"_bbp_voice_count":0,"_bbp_anonymous_reply_count":0,"_bbp_topic_count_hidden":0,"_bbp_reply_count_hidden":0,"_bbp_forum_subforum_count":0,"footnotes":""},"categories":[1],"tags":[],"_links":{"self":[{"href":"https:\/\/www.seb.gov.co\/index.php\/wp-json\/wp\/v2\/posts\/18923"}],"collection":[{"href":"https:\/\/www.seb.gov.co\/index.php\/wp-json\/wp\/v2\/posts"}],"about":[{"href":"https:\/\/www.seb.gov.co\/index.php\/wp-json\/wp\/v2\/types\/post"}],"author":[{"embeddable":true,"href":"https:\/\/www.seb.gov.co\/index.php\/wp-json\/wp\/v2\/users\/1"}],"replies":[{"embeddable":true,"href":"https:\/\/www.seb.gov.co\/index.php\/wp-json\/wp\/v2\/comments?post=18923"}],"version-history":[{"count":1,"href":"https:\/\/www.seb.gov.co\/index.php\/wp-json\/wp\/v2\/posts\/18923\/revisions"}],"predecessor-version":[{"id":18925,"href":"https:\/\/www.seb.gov.co\/index.php\/wp-json\/wp\/v2\/posts\/18923\/revisions\/18925"}],"wp:featuredmedia":[{"embeddable":true,"href":"https:\/\/www.seb.gov.co\/index.php\/wp-json\/wp\/v2\/media\/18924"}],"wp:attachment":[{"href":"https:\/\/www.seb.gov.co\/index.php\/wp-json\/wp\/v2\/media?parent=18923"}],"wp:term":[{"taxonomy":"category","embeddable":true,"href":"https:\/\/www.seb.gov.co\/index.php\/wp-json\/wp\/v2\/categories?post=18923"},{"taxonomy":"post_tag","embeddable":true,"href":"https:\/\/www.seb.gov.co\/index.php\/wp-json\/wp\/v2\/tags?post=18923"}],"curies":[{"name":"wp","href":"https:\/\/api.w.org\/{rel}","templated":true}]}}