{"id":18920,"date":"2022-07-21T14:28:37","date_gmt":"2022-07-21T14:28:37","guid":{"rendered":"https:\/\/www.seb.gov.co\/?p=18920"},"modified":"2022-09-19T13:26:01","modified_gmt":"2022-09-19T13:26:01","slug":"asi-fue-el-conversatorio-de-la-comision-de-la-verdad-con-estudiantes-de-bucaramanga","status":"publish","type":"post","link":"https:\/\/www.seb.gov.co\/index.php\/2022\/07\/21\/asi-fue-el-conversatorio-de-la-comision-de-la-verdad-con-estudiantes-de-bucaramanga\/","title":{"rendered":"As\u00ed fue el conversatorio de la Comisi\u00f3n de la Verdad con estudiantes de Bucaramanga"},"content":{"rendered":"<p><strong>J\u00f3venes y rectores de los 47 colegios p\u00fablicos de Bucaramanga estuvieron presentes en el espacio de la Comisi\u00f3n de la Verdad.<\/strong><\/p>\n<p>Contralores y personeros escolares, adem\u00e1s de rectores y docentes de los 47 colegios oficiales de Bucaramanga participaron del conversatorio \u2018Ni\u00f1os, ni\u00f1as y adolescentes, no es un mal menor\u2019, liderado por la Comisi\u00f3n de la Verdad y desarrollado en relaci\u00f3n a la entrega de su Informe Final que comprende el esclarecimiento, la verdad, la convivencia y la no repetici\u00f3n de hechos de violencia en Colombia.<\/p>\n<p>El espacio permiti\u00f3 que los j\u00f3venes de las instituciones educativas conocieran e hicieran memoria ante hechos de conflicto armado, espec\u00edficamente lo ocurrido en noviembre del 2000 y enero de 2001 con la Operaci\u00f3n Berl\u00edn y lo acontecido en el departamento y el pa\u00eds sobre el reclutamiento de menores de edad por parte de grupos al margen de la ley.<\/p>\n<p>\u201cCuando se habla del tema de la violencia se toca siempre de adultos, guerrilla y militares, uno nunca pensaba que un adolescente, un ni\u00f1o, podr\u00eda sufrir la violencia\u201d, expres\u00f3 \u00c1ngela del Pilar Vega, estudiante de once grado del colegio Polit\u00e9cnico.<\/p>\n<p>Lea tambi\u00e9n:\u00a0<a role=\"link\" href=\"https:\/\/www.bucaramanga.gov.co\/noticias\/participa-de-colombia-4-0-el-encuentro-mas-importante-de-la-industria-creativa-digital-y-ti\/\">Participa de Colombia 4.0, el encuentro m\u00e1s importante de la industria creativa digital y TI<\/a><\/p>\n<p>De igual manera, Johan Sebasti\u00e1n Moreno, estudiante del Francisco de As\u00eds, precis\u00f3 que \u201cnosotros s\u00ed sab\u00edamos sobre los conflictos y todo, pero no hab\u00edamos tenido charlas sobre casos de personas que los hayan tenido\u201d.<\/p>\n<p>Al mismo tiempo, Sonia Rodr\u00edguez Torrente, coordinadora de la zona Nororiente de la Comisi\u00f3n de la Verdad, destac\u00f3 que \u201ctener a la Secretar\u00eda de Educaci\u00f3n, saber que hay rectores, docentes y estudiantes; es sentir que hay un nicho para la reflexi\u00f3n, porque pareciera a veces que para el pa\u00eds hablar del conflicto armado es un asunto que se trata entre las v\u00edctimas y los responsables, entre los grupos armados y el Estado y no dentro de la sociedad civil\u201d.<\/p>\n<figure class=\"wp-block-gallery columns-2 is-cropped\">\n<ul class=\"blocks-gallery-grid\">\n<li class=\"blocks-gallery-item\">\n<figure><img decoding=\"async\" loading=\"lazy\" class=\"wp-image-145797\" src=\"https:\/\/www.bucaramanga.gov.co\/wp-content\/uploads\/2022\/07\/Copia-de-0ca2d4df-3705-4183-9cf4-70f41d177569-2.jpg\" sizes=\"(min-width: 0px) and (max-width: 480px) 480px, (min-width: 481px) 500px, 100vw\" srcset=\"https:\/\/www.bucaramanga.gov.co\/wp-content\/uploads\/2022\/07\/Copia-de-0ca2d4df-3705-4183-9cf4-70f41d177569-2.jpg 500w, https:\/\/www.bucaramanga.gov.co\/wp-content\/uploads\/2022\/07\/Copia-de-0ca2d4df-3705-4183-9cf4-70f41d177569-2-480x288.jpg 480w\" alt=\"\" width=\"500\" height=\"300\" data-id=\"145797\" data-link=\"https:\/\/www.bucaramanga.gov.co\/?attachment_id=145797\" \/><\/figure>\n<\/li>\n<li class=\"blocks-gallery-item\">\n<figure><img decoding=\"async\" loading=\"lazy\" class=\"wp-image-145798\" src=\"https:\/\/www.bucaramanga.gov.co\/wp-content\/uploads\/2022\/07\/4a932dd1-9530-4a35-93ff-3f806d1f2a96-1024x682.jpg\" sizes=\"(min-width: 0px) and (max-width: 480px) 480px, (min-width: 481px) and (max-width: 980px) 980px, (min-width: 981px) 1024px, 100vw\" srcset=\"https:\/\/www.bucaramanga.gov.co\/wp-content\/uploads\/2022\/07\/4a932dd1-9530-4a35-93ff-3f806d1f2a96-1024x682.jpg 1024w, https:\/\/www.bucaramanga.gov.co\/wp-content\/uploads\/2022\/07\/4a932dd1-9530-4a35-93ff-3f806d1f2a96-980x653.jpg 980w, https:\/\/www.bucaramanga.gov.co\/wp-content\/uploads\/2022\/07\/4a932dd1-9530-4a35-93ff-3f806d1f2a96-480x320.jpg 480w\" alt=\"\" width=\"1024\" height=\"682\" data-id=\"145798\" data-full-url=\"https:\/\/www.bucaramanga.gov.co\/wp-content\/uploads\/2022\/07\/4a932dd1-9530-4a35-93ff-3f806d1f2a96.jpg\" data-link=\"https:\/\/www.bucaramanga.gov.co\/?attachment_id=145798\" \/><\/figure>\n<\/li>\n<\/ul><figcaption class=\"blocks-gallery-caption\">Fotograf\u00edas: Franz Rey \/ Alcald\u00eda de Bucaramanga<\/figcaption><\/figure>\n<p>Por su parte, la secretar\u00eda de Educaci\u00f3n de Bucaramanga, Ana Leonor Rueda, destac\u00f3 que estos espacios para los estudiantes de la ciudad permiten generar un voz a voz de la historia, la no repetici\u00f3n de muchos de sus hechos y la memoria de acontecimientos que por m\u00e1s de 50 a\u00f1os se vivieron en el pa\u00eds.<\/p>\n<p><strong>Datos presentados por la Comisi\u00f3n:<\/strong><\/p>\n<p>Entre los a\u00f1os de 1985 y 2019, 3 millones 49 mil 527 personas fueron v\u00edctimas del desplazamiento forzado, de ellas 64 mil 555 se registraron en Santander.<\/p>\n<p>Entre 1985 y 2018, Colombia registr\u00f3 la muerte de 64.084 menores a causa del conflicto armado. 3.030 se ubicaron en Santander.<\/p>\n<p>Entre 1985 y 2016, 28.192 personas fueron desaparecidas. De ellas,\u00a01.226 se registraron en nuestra regi\u00f3n.<\/p>\n<p>Entre 1990 y 2018, 6.496 menores fueron secuestrados. 219 fueron reportados en Santander.<\/p>\n<p>Entre 1990 y 2017, 16.238 menores fueron reclutados, 416 correspondieron a nuestro departamento.<\/p>\n","protected":false},"excerpt":{"rendered":"<p>J\u00f3venes y rectores de los 47 colegios p\u00fablicos de Bucaramanga estuvieron presentes en el espacio de la Comisi\u00f3n de la Verdad. Contralores y personeros escolares, adem\u00e1s de rectores y docentes de los 47 colegios oficiales de Bucaramanga participaron del conversatorio \u2018Ni\u00f1os, ni\u00f1as y adolescentes, no es un mal menor\u2019, liderado por la Comisi\u00f3n de la [&hellip;]<\/p>\n","protected":false},"author":1,"featured_media":18921,"comment_status":"open","ping_status":"open","sticky":false,"template":"","format":"standard","meta":{"_bbp_topic_count":0,"_bbp_reply_count":0,"_bbp_total_topic_count":0,"_bbp_total_reply_count":0,"_bbp_voice_count":0,"_bbp_anonymous_reply_count":0,"_bbp_topic_count_hidden":0,"_bbp_reply_count_hidden":0,"_bbp_forum_subforum_count":0,"footnotes":""},"categories":[1],"tags":[],"_links":{"self":[{"href":"https:\/\/www.seb.gov.co\/index.php\/wp-json\/wp\/v2\/posts\/18920"}],"collection":[{"href":"https:\/\/www.seb.gov.co\/index.php\/wp-json\/wp\/v2\/posts"}],"about":[{"href":"https:\/\/www.seb.gov.co\/index.php\/wp-json\/wp\/v2\/types\/post"}],"author":[{"embeddable":true,"href":"https:\/\/www.seb.gov.co\/index.php\/wp-json\/wp\/v2\/users\/1"}],"replies":[{"embeddable":true,"href":"https:\/\/www.seb.gov.co\/index.php\/wp-json\/wp\/v2\/comments?post=18920"}],"version-history":[{"count":1,"href":"https:\/\/www.seb.gov.co\/index.php\/wp-json\/wp\/v2\/posts\/18920\/revisions"}],"predecessor-version":[{"id":18922,"href":"https:\/\/www.seb.gov.co\/index.php\/wp-json\/wp\/v2\/posts\/18920\/revisions\/18922"}],"wp:featuredmedia":[{"embeddable":true,"href":"https:\/\/www.seb.gov.co\/index.php\/wp-json\/wp\/v2\/media\/18921"}],"wp:attachment":[{"href":"https:\/\/www.seb.gov.co\/index.php\/wp-json\/wp\/v2\/media?parent=18920"}],"wp:term":[{"taxonomy":"category","embeddable":true,"href":"https:\/\/www.seb.gov.co\/index.php\/wp-json\/wp\/v2\/categories?post=18920"},{"taxonomy":"post_tag","embeddable":true,"href":"https:\/\/www.seb.gov.co\/index.php\/wp-json\/wp\/v2\/tags?post=18920"}],"curies":[{"name":"wp","href":"https:\/\/api.w.org\/{rel}","templated":true}]}}