{"id":18731,"date":"2022-07-14T21:42:27","date_gmt":"2022-07-14T21:42:27","guid":{"rendered":"https:\/\/www.seb.gov.co\/?p=18731"},"modified":"2022-10-13T13:06:32","modified_gmt":"2022-10-13T13:06:32","slug":"la-visita-de-los-rectores-a-la-zona-cero-metropolitana-para-promover-la-cultura-ambiental","status":"publish","type":"post","link":"https:\/\/www.seb.gov.co\/index.php\/2022\/07\/14\/la-visita-de-los-rectores-a-la-zona-cero-metropolitana-para-promover-la-cultura-ambiental\/","title":{"rendered":"La visita de los rectores a la Zona Cero Metropolitana para promover la cultura ambiental"},"content":{"rendered":"<p><strong>El recorrido permitir\u00e1 reiterar la pedagog\u00eda en las aulas de clases para reducir, reutilizar y reciclar residuos s\u00f3lidos y org\u00e1nicos.<\/strong><\/p>\n<p>Fueron cinco puntos, los que recorrieron los 47 rectores de los colegios p\u00fablicos de Bucaramanga recorrieron tras su visita a la Zona Cero Metropolitana.<\/p>\n<p>La primera parada fue en la Estaci\u00f3n de Clasificaci\u00f3n y Aprovechamiento, ECA, seguido de la planta de lixiviados, la planta de compostaje, el \u00e1rea de disposici\u00f3n final y el Parque Contemplativo que est\u00e1 dispuesto, con zonas deportivas como canchas. Su acceso, se realiz\u00f3 con gesti\u00f3n previa que se adelant\u00f3 con la Empresa de Aseo Municipal de Bucaramanga, (Emab).<\/p>\n<p>Lea tambi\u00e9n:\u00a0<a role=\"link\" href=\"https:\/\/www.bucaramanga.gov.co\/noticias\/bucaramanga-tiene-politica-publica-para-poblacion-sexualmente-diversa\/\">Bucaramanga tiene pol\u00edtica p\u00fablica para poblaci\u00f3n sexualmente diversa<\/a><\/p>\n<p>Durante la jornada, la impresi\u00f3n para Carolina Moreno, rectora de la instituci\u00f3n educativa Colorados fue: \u201cno huele mal, la verdad est\u00e1 uno en un ambiente que no se imagina que est\u00e1 donde est\u00e1 y eso est\u00e1 muy bien\u201d.<\/p>\n<p>Para Emiliano Ortiz, docente directivo del colegio San Jos\u00e9 de la Salle, el lugar es \u201cun parque que presta un importante servicio, porque aqu\u00ed donde estamos nosotros ubicados esto ya fue relleno, estamos sobre basura, pero esto hoy est\u00e1 lleno de \u00e1rboles, de prados, de una panor\u00e1mica bonita\u201d.<\/p>\n<figure class=\"wp-block-gallery columns-2 is-cropped\">\n<ul class=\"blocks-gallery-grid\">\n<li class=\"blocks-gallery-item\">\n<figure><img decoding=\"async\" loading=\"lazy\" class=\"wp-image-145102\" src=\"https:\/\/www.bucaramanga.gov.co\/wp-content\/uploads\/2022\/07\/Copia-de-FXk3GDkXwAQ8WlO.jpg\" sizes=\"(min-width: 0px) and (max-width: 480px) 480px, (min-width: 481px) 500px, 100vw\" srcset=\"https:\/\/www.bucaramanga.gov.co\/wp-content\/uploads\/2022\/07\/Copia-de-FXk3GDkXwAQ8WlO.jpg 500w, https:\/\/www.bucaramanga.gov.co\/wp-content\/uploads\/2022\/07\/Copia-de-FXk3GDkXwAQ8WlO-480x288.jpg 480w\" alt=\"\" width=\"500\" height=\"300\" data-id=\"145102\" data-link=\"https:\/\/www.bucaramanga.gov.co\/?attachment_id=145102\" \/><\/figure>\n<\/li>\n<li class=\"blocks-gallery-item\">\n<figure><img decoding=\"async\" loading=\"lazy\" class=\"wp-image-145103\" src=\"https:\/\/www.bucaramanga.gov.co\/wp-content\/uploads\/2022\/07\/Copia-de-FXk3GDlX0AIl1ro.jpg\" sizes=\"(min-width: 0px) and (max-width: 480px) 480px, (min-width: 481px) 500px, 100vw\" srcset=\"https:\/\/www.bucaramanga.gov.co\/wp-content\/uploads\/2022\/07\/Copia-de-FXk3GDlX0AIl1ro.jpg 500w, https:\/\/www.bucaramanga.gov.co\/wp-content\/uploads\/2022\/07\/Copia-de-FXk3GDlX0AIl1ro-480x288.jpg 480w\" alt=\"\" width=\"500\" height=\"300\" data-id=\"145103\" data-full-url=\"https:\/\/www.bucaramanga.gov.co\/wp-content\/uploads\/2022\/07\/Copia-de-FXk3GDlX0AIl1ro.jpg\" data-link=\"https:\/\/www.bucaramanga.gov.co\/?attachment_id=145103\" \/><\/figure>\n<\/li>\n<\/ul>\n<\/figure>\n<p>El espacio fue realizado con un importante objetivo: reiterar la pedagog\u00eda ambiental en las aulas de clases de los colegios, para reducir, reutilizar y reciclar residuos s\u00f3lidos y org\u00e1nicos. A lo que esta Administraci\u00f3n, liderada por el Alcalde Juan Carlos C\u00e1rdenas, le ha apostado desde un inicio.<\/p>\n<p>De igual manera, para llevar el mensaje, por parte de los directivos docentes, a los trabajadores de la planta acad\u00e9mica y a los cerca de 78 mil estudiantes de la ciudad. Adem\u00e1s, de contarles c\u00f3mo es el trabajo en el relleno sanitario y proyectar futuras visitas.<\/p>\n<p>\u00abNecesitamos hacer todo un esfuerzo conjunto para que la ciudadan\u00eda desde casa y las instituciones educativas, generen consciencia ambiental\u00bb, reiter\u00f3 Ana Leonor Rueda, Secretaria de Educaci\u00f3n de Bucaramanga.<\/p>\n<p>Conozca adem\u00e1s:\u00a0<a role=\"link\" href=\"https:\/\/www.bucaramanga.gov.co\/noticias\/estos-son-los-servicios-que-tienen-los-estudiantes-de-los-colegios-oficiales-de-bucaramanga\/\">Estos son los servicios que tienen los estudiantes de los colegios oficiales de Bucaramanga<\/a><\/p>\n<p>A su vez, Helbert Panqueva, Gerente de la Emab, expres\u00f3 que \u201ces muy importante contar con esa alianza para formar a nuestros ciudadanos en el futuro. Los rectores son los encargados de ese trabajo y formaci\u00f3n en nuestros j\u00f3venes\u00bb.<\/p>\n<p>Es de anotar que el Parque Contemplativo, ubicado en el relleno sanitario entr\u00f3 en funcionamiento para el disfrute de la comunidad el pasado 1 de julio, bajo una prueba piloto.<\/p>\n<p>\u00a1En el olvido quedaron los malos olores y manejos que le daba la corrupci\u00f3n a este sitio de disposici\u00f3n final!<\/p>\n","protected":false},"excerpt":{"rendered":"<p>El recorrido permitir\u00e1 reiterar la pedagog\u00eda en las aulas de clases para reducir, reutilizar y reciclar residuos s\u00f3lidos y org\u00e1nicos. Fueron cinco puntos, los que recorrieron los 47 rectores de los colegios p\u00fablicos de Bucaramanga recorrieron tras su visita a la Zona Cero Metropolitana. La primera parada fue en la Estaci\u00f3n de Clasificaci\u00f3n y Aprovechamiento, [&hellip;]<\/p>\n","protected":false},"author":1,"featured_media":18733,"comment_status":"open","ping_status":"open","sticky":false,"template":"","format":"standard","meta":{"_bbp_topic_count":0,"_bbp_reply_count":0,"_bbp_total_topic_count":0,"_bbp_total_reply_count":0,"_bbp_voice_count":0,"_bbp_anonymous_reply_count":0,"_bbp_topic_count_hidden":0,"_bbp_reply_count_hidden":0,"_bbp_forum_subforum_count":0,"footnotes":""},"categories":[1],"tags":[],"_links":{"self":[{"href":"https:\/\/www.seb.gov.co\/index.php\/wp-json\/wp\/v2\/posts\/18731"}],"collection":[{"href":"https:\/\/www.seb.gov.co\/index.php\/wp-json\/wp\/v2\/posts"}],"about":[{"href":"https:\/\/www.seb.gov.co\/index.php\/wp-json\/wp\/v2\/types\/post"}],"author":[{"embeddable":true,"href":"https:\/\/www.seb.gov.co\/index.php\/wp-json\/wp\/v2\/users\/1"}],"replies":[{"embeddable":true,"href":"https:\/\/www.seb.gov.co\/index.php\/wp-json\/wp\/v2\/comments?post=18731"}],"version-history":[{"count":1,"href":"https:\/\/www.seb.gov.co\/index.php\/wp-json\/wp\/v2\/posts\/18731\/revisions"}],"predecessor-version":[{"id":18734,"href":"https:\/\/www.seb.gov.co\/index.php\/wp-json\/wp\/v2\/posts\/18731\/revisions\/18734"}],"wp:featuredmedia":[{"embeddable":true,"href":"https:\/\/www.seb.gov.co\/index.php\/wp-json\/wp\/v2\/media\/18733"}],"wp:attachment":[{"href":"https:\/\/www.seb.gov.co\/index.php\/wp-json\/wp\/v2\/media?parent=18731"}],"wp:term":[{"taxonomy":"category","embeddable":true,"href":"https:\/\/www.seb.gov.co\/index.php\/wp-json\/wp\/v2\/categories?post=18731"},{"taxonomy":"post_tag","embeddable":true,"href":"https:\/\/www.seb.gov.co\/index.php\/wp-json\/wp\/v2\/tags?post=18731"}],"curies":[{"name":"wp","href":"https:\/\/api.w.org\/{rel}","templated":true}]}}