{"id":18727,"date":"2022-07-13T19:54:21","date_gmt":"2022-07-13T19:54:21","guid":{"rendered":"https:\/\/www.seb.gov.co\/?p=18727"},"modified":"2022-10-13T13:06:51","modified_gmt":"2022-10-13T13:06:51","slug":"estos-son-los-servicios-que-tienen-los-estudiantes-de-los-colegios-oficiales-de-bucaramanga","status":"publish","type":"post","link":"https:\/\/www.seb.gov.co\/index.php\/2022\/07\/13\/estos-son-los-servicios-que-tienen-los-estudiantes-de-los-colegios-oficiales-de-bucaramanga\/","title":{"rendered":"Estos son los servicios que tienen los estudiantes de los colegios oficiales de Bucaramanga"},"content":{"rendered":"<p><strong>Con conectividad, PAE, transporte escolar y m\u00e1s, estudian los j\u00f3venes de la capital desde el primer y hasta el \u00faltimo d\u00eda de clases.<\/strong><\/p>\n<p>Con servicios como el Programa de Alimentaci\u00f3n Escolar PAE, conectividad, transporte escolar, aseo y vigilancia, los cerca de 78 mil estudiantes de los 47 colegios oficiales de Bucaramanga, regresaron a las aulas.<\/p>\n<p>El retorno se dio el pasado 5 de julio y a hoy todo marcha con normalidad. Con la asistencia que los menores y j\u00f3venes de la ciudad, necesitan desde el inicio y hasta el final del calendario acad\u00e9mico.<\/p>\n<p>\u201cLas garant\u00edas son para todos. Nuestro trabajo es con transparencia e impidiendo que se roben la plata de los ciudadanos. El futuro est\u00e1 en la educaci\u00f3n y nosotros la estamos garantizando\u201d, asegur\u00f3 Juan Carlos C\u00e1rdenas Rey, Alcalde de la capital santandereana.<\/p>\n<p>En cuanto al PAE, se benefician alrededor de 35 mil estudiantes\u00a0y los alimentos se entregan bajo la modalidad de\u00a0Preparaci\u00f3n en Sitio o Raci\u00f3n Industrializada. La primera aplica para las instituciones que cuentan con la infraestructura y normativa sanitaria y la otra no permite la preparaci\u00f3n de los alimentos en el lugar pero se garantiza el suministro. En este servicio, los operadores son: la\u00a0Uni\u00f3n Temporal NUTRIPAE Bucaramanga\u00a02022 y la Uni\u00f3n Temporal\u00a0Bucaramanga Escolar.<\/p>\n<p>Lea tambi\u00e9n:\u00a0<a role=\"link\" href=\"https:\/\/www.bucaramanga.gov.co\/noticias\/avanza-la-siembra-de-cuat-arboles-en-parques-y-espacios-publicos-de-bucaramanga\/\">Avanza la siembra de cuatro mil \u00e1rboles en parques y espacios p\u00fablicos<\/a><\/p>\n<p>Del transporte escolar, cerca de 3.100 ni\u00f1os y j\u00f3venes son beneficiarios y el operador es Transportes Calder\u00f3n. El proyecto tiene un valor que asciende los $5.597 millones y trabaja con 34 rutas preestablecidas.<\/p>\n<p>En conectividad, el contrato para este segundo semestre se adjudic\u00f3 a trav\u00e9s de la Bolsa Mercantil de Colombia (BMC) y en la puja el ganador fue el operador SISTECO S.A.S. En este proceso hubo participaci\u00f3n de cuatro proponentes. El valor contratado fue por $944 millones.<\/p>\n<p>Lea tambi\u00e9n:\u00a0<a role=\"link\" href=\"https:\/\/www.bucaramanga.gov.co\/noticias\/asi-va-la-construccion-del-colegio-rural-bosconia-santa-rita\/\">As\u00ed avanza la construcci\u00f3n del colegio rural Bosconia Santa Rita<\/a><\/p>\n<p>Adicional, se realiz\u00f3 un aumento en los puntos de conectividad en los colegios. Se pas\u00f3 de tener 493 en el 2021, a 596 en el 2022, lo que equivale a 103 puntos adicionales con niveles de ancho de banda entre 6 y 128 megas. Lo anterior dependiendo de la cantidad de estudiantes por instituci\u00f3n.<\/p>\n<p>Para el servicio de aseo, el contrato inici\u00f3 el pasado 13 de junio y finaliza el 12 de diciembre del presente a\u00f1o. El valor contratado es de cerca de $2.540 millones y son 180 operarias quienes garantizan la limpieza y desinfecci\u00f3n.<\/p>\n<p>\u201cSeguimos avanzando en temas de intervenci\u00f3n en infraestructura, todo ello para que los estudiantes y los maestros puedan culminar el proceso educativo y formativo que corresponde\u201d, insisti\u00f3 Ana Leonor Rueda Vivas, secretaria de Educaci\u00f3n de Bucaramanga.<\/p>\n","protected":false},"excerpt":{"rendered":"<p>Con conectividad, PAE, transporte escolar y m\u00e1s, estudian los j\u00f3venes de la capital desde el primer y hasta el \u00faltimo d\u00eda de clases. Con servicios como el Programa de Alimentaci\u00f3n Escolar PAE, conectividad, transporte escolar, aseo y vigilancia, los cerca de 78 mil estudiantes de los 47 colegios oficiales de Bucaramanga, regresaron a las aulas. [&hellip;]<\/p>\n","protected":false},"author":1,"featured_media":18730,"comment_status":"open","ping_status":"open","sticky":false,"template":"","format":"standard","meta":{"_bbp_topic_count":0,"_bbp_reply_count":0,"_bbp_total_topic_count":0,"_bbp_total_reply_count":0,"_bbp_voice_count":0,"_bbp_anonymous_reply_count":0,"_bbp_topic_count_hidden":0,"_bbp_reply_count_hidden":0,"_bbp_forum_subforum_count":0,"footnotes":""},"categories":[1],"tags":[],"_links":{"self":[{"href":"https:\/\/www.seb.gov.co\/index.php\/wp-json\/wp\/v2\/posts\/18727"}],"collection":[{"href":"https:\/\/www.seb.gov.co\/index.php\/wp-json\/wp\/v2\/posts"}],"about":[{"href":"https:\/\/www.seb.gov.co\/index.php\/wp-json\/wp\/v2\/types\/post"}],"author":[{"embeddable":true,"href":"https:\/\/www.seb.gov.co\/index.php\/wp-json\/wp\/v2\/users\/1"}],"replies":[{"embeddable":true,"href":"https:\/\/www.seb.gov.co\/index.php\/wp-json\/wp\/v2\/comments?post=18727"}],"version-history":[{"count":1,"href":"https:\/\/www.seb.gov.co\/index.php\/wp-json\/wp\/v2\/posts\/18727\/revisions"}],"predecessor-version":[{"id":18729,"href":"https:\/\/www.seb.gov.co\/index.php\/wp-json\/wp\/v2\/posts\/18727\/revisions\/18729"}],"wp:featuredmedia":[{"embeddable":true,"href":"https:\/\/www.seb.gov.co\/index.php\/wp-json\/wp\/v2\/media\/18730"}],"wp:attachment":[{"href":"https:\/\/www.seb.gov.co\/index.php\/wp-json\/wp\/v2\/media?parent=18727"}],"wp:term":[{"taxonomy":"category","embeddable":true,"href":"https:\/\/www.seb.gov.co\/index.php\/wp-json\/wp\/v2\/categories?post=18727"},{"taxonomy":"post_tag","embeddable":true,"href":"https:\/\/www.seb.gov.co\/index.php\/wp-json\/wp\/v2\/tags?post=18727"}],"curies":[{"name":"wp","href":"https:\/\/api.w.org\/{rel}","templated":true}]}}