{"id":18486,"date":"2022-06-21T14:07:52","date_gmt":"2022-06-21T14:07:52","guid":{"rendered":"https:\/\/www.seb.gov.co\/?p=18486"},"modified":"2022-08-29T14:25:45","modified_gmt":"2022-08-29T14:25:45","slug":"el-parche-maestro-la-estrategia-que-le-apuesta-por-la-sana-convivencia-en-colegios","status":"publish","type":"post","link":"https:\/\/www.seb.gov.co\/index.php\/2022\/06\/21\/el-parche-maestro-la-estrategia-que-le-apuesta-por-la-sana-convivencia-en-colegios\/","title":{"rendered":"El \u2018Parche Maestro\u2019, la estrategia que le apuesta por la sana convivencia en colegios"},"content":{"rendered":"<p><strong>Bucaramanga es una ciudad que le apuesta por la inclusi\u00f3n social. Actualmente m\u00e1s de ocho mil ni\u00f1os y j\u00f3venes migrantes se encuentran matriculados en los colegios p\u00fablicos de la ciudad.<\/strong><\/p>\n<p>La Administraci\u00f3n Municipal junto a 220 docentes de Bucaramanga y la C\u00e1mara de Comercio participaron en un escenario propositivo sobre ciudadan\u00eda y educaci\u00f3n socio-emocional en distintos ambientes de aprendizaje y niveles educativos.<\/p>\n<p>\u201cEsperamos encontrar buenas pr\u00e1cticas para mejorar la convivencia escolar al interior de las instituciones educativas. Tambi\u00e9n socializamos estrategias sobre el relacionamiento dentro de los colegios\u201d, dijo Ana Leonor Rueda, secretaria de Educaci\u00f3n del Municipio.<\/p>\n<p><strong>Leer m\u00e1s:\u00a0<a role=\"link\" href=\"https:\/\/www.bucaramanga.gov.co\/noticias\/confirmado-bucaramanga-brillara-en-la-bienal-colombiana-de-arquitectura-y-urbanismo-2022\/\">\u00a1Confirmado! Bucaramanga brillar\u00e1 en la Bienal Colombiana de Arquitectura y Urbanismo 2022<\/a><\/strong><\/p>\n<p>La iniciativa cuenta con el apoyo de USAID (La Agencia de los Estados Unidos para el Desarrollo Internacional) y Pro Antioquia. Durante este encuentro, se socializaron conferencias basadas en temas de familia y en el papel del maestro en los ambientes de aprendizaje.<\/p>\n<p>\u201cVamos a trabajar los temas de emoci\u00f3n y ciudadan\u00eda con los maestros, para fortalecer su liderazgo\u201d, manifest\u00f3 Felipe Aramburu, director de educaci\u00f3n de Pro Antioquia.<\/p>\n<p>Este proyecto de convivencia y ciudadan\u00eda en torno a las socio-emociones se desarrollar\u00e1 en otras instituciones educativas del pa\u00eds con el prop\u00f3sito de crear mejores ambientes de convivencia.<\/p>\n<p><strong>\u00a1La educaci\u00f3n es la herramienta m\u00e1s poderosa para transformar el futuro de nuestros ni\u00f1os, ni\u00f1as y j\u00f3venes<\/strong>!<\/p>\n","protected":false},"excerpt":{"rendered":"<p>Bucaramanga es una ciudad que le apuesta por la inclusi\u00f3n social. Actualmente m\u00e1s de ocho mil ni\u00f1os y j\u00f3venes migrantes se encuentran matriculados en los colegios p\u00fablicos de la ciudad. La Administraci\u00f3n Municipal junto a 220 docentes de Bucaramanga y la C\u00e1mara de Comercio participaron en un escenario propositivo sobre ciudadan\u00eda y educaci\u00f3n socio-emocional en [&hellip;]<\/p>\n","protected":false},"author":1,"featured_media":18487,"comment_status":"open","ping_status":"open","sticky":false,"template":"","format":"standard","meta":{"_bbp_topic_count":0,"_bbp_reply_count":0,"_bbp_total_topic_count":0,"_bbp_total_reply_count":0,"_bbp_voice_count":0,"_bbp_anonymous_reply_count":0,"_bbp_topic_count_hidden":0,"_bbp_reply_count_hidden":0,"_bbp_forum_subforum_count":0,"footnotes":""},"categories":[1],"tags":[],"_links":{"self":[{"href":"https:\/\/www.seb.gov.co\/index.php\/wp-json\/wp\/v2\/posts\/18486"}],"collection":[{"href":"https:\/\/www.seb.gov.co\/index.php\/wp-json\/wp\/v2\/posts"}],"about":[{"href":"https:\/\/www.seb.gov.co\/index.php\/wp-json\/wp\/v2\/types\/post"}],"author":[{"embeddable":true,"href":"https:\/\/www.seb.gov.co\/index.php\/wp-json\/wp\/v2\/users\/1"}],"replies":[{"embeddable":true,"href":"https:\/\/www.seb.gov.co\/index.php\/wp-json\/wp\/v2\/comments?post=18486"}],"version-history":[{"count":1,"href":"https:\/\/www.seb.gov.co\/index.php\/wp-json\/wp\/v2\/posts\/18486\/revisions"}],"predecessor-version":[{"id":18488,"href":"https:\/\/www.seb.gov.co\/index.php\/wp-json\/wp\/v2\/posts\/18486\/revisions\/18488"}],"wp:featuredmedia":[{"embeddable":true,"href":"https:\/\/www.seb.gov.co\/index.php\/wp-json\/wp\/v2\/media\/18487"}],"wp:attachment":[{"href":"https:\/\/www.seb.gov.co\/index.php\/wp-json\/wp\/v2\/media?parent=18486"}],"wp:term":[{"taxonomy":"category","embeddable":true,"href":"https:\/\/www.seb.gov.co\/index.php\/wp-json\/wp\/v2\/categories?post=18486"},{"taxonomy":"post_tag","embeddable":true,"href":"https:\/\/www.seb.gov.co\/index.php\/wp-json\/wp\/v2\/tags?post=18486"}],"curies":[{"name":"wp","href":"https:\/\/api.w.org\/{rel}","templated":true}]}}