{"id":18485,"date":"2022-06-21T15:48:01","date_gmt":"2022-06-21T15:48:01","guid":{"rendered":"https:\/\/www.seb.gov.co\/?p=18485"},"modified":"2022-08-29T14:26:03","modified_gmt":"2022-08-29T14:26:03","slug":"en-un-92-avanza-la-reconstruccion-de-la-institucion-educativa-vijagual-sede-g","status":"publish","type":"post","link":"https:\/\/www.seb.gov.co\/index.php\/2022\/06\/21\/en-un-92-avanza-la-reconstruccion-de-la-institucion-educativa-vijagual-sede-g\/","title":{"rendered":"En un 92% avanza la reconstrucci\u00f3n de la Instituci\u00f3n Educativa Vijagual sede G"},"content":{"rendered":"<p><strong>Bucaramanga seguir\u00e1 creciendo y con ello generando calidad de vida para toda la ciudadan\u00eda, por tal motivo, se espera que a finales de junio finalicen las obras en este colegio rural.<\/strong><\/p>\n<p>Entre la verde naturaleza de la vereda San Pedro Bajo del Corregimiento Uno de Bucaramanga se levanta una moderna sede educativa que pr\u00f3ximamente recibir\u00e1 en sus instalaciones a 40 estudiantes. Se trata de la sede G de del colegio Vijagual, otra apuesta arquitect\u00f3nica del Gobierno de alcalde de Bucaramanga, Juan Carlos C\u00e1rdenas, para que el campo tenga colegios de calidad.<\/p>\n<p>\u201cSeguimos trabajando por la Colombia que queremos y so\u00f1amos. La educaci\u00f3n es la herramienta m\u00e1s poderosa para transformar el futuro de nuestros ni\u00f1os, ni\u00f1as y j\u00f3venes\u201d, se\u00f1al\u00f3 Juan Carlos C\u00e1rdenas, alcalde de la capital santandereana.<\/p>\n<p><strong>Leer m\u00e1s:\u00a0<a role=\"link\" href=\"https:\/\/www.bucaramanga.gov.co\/noticias\/invitacion-a-estudiantes-de-colegios-a-jugar-futbol-con-robots\/\">En Bucaramanga se realizar\u00e1 el primer torneo de f\u00fatbol con robots<\/a><\/strong><\/p>\n<p>El proyecto cuenta con fachada, bater\u00edas sanitarias, sistema el\u00e9ctrico, moderna iluminaci\u00f3n, cocina comedor, enfermer\u00eda, tres aulas y la cubierta met\u00e1lica. \u201cLo que estoy viendo es un trabajo muy bonito, para nuestros hijos y para nosotros como comunidad\u201d, se\u00f1al\u00f3 Viviana Carrillo, residente de la vereda.<\/p>\n<p>La inversi\u00f3n de esta obra asciende a los<strong>\u00a0$717 millones<\/strong>. Libardo Hern\u00e1ndez trabaja desde hace cinco meses como obrero en la obra, el trabajador que tambi\u00e9n vive en la zona, destac\u00f3 su arquitectura. \u201cEsto es bonito, nunca se hab\u00eda visto por ac\u00e1 en el campo un colegio as\u00ed\u201d, expres\u00f3.<\/p>\n<p>\u00a1Los santandereanos somos gente berraca y trabajadora. Es momento de seguir construyendo y de avanzar!<\/p>\n","protected":false},"excerpt":{"rendered":"<p>Bucaramanga seguir\u00e1 creciendo y con ello generando calidad de vida para toda la ciudadan\u00eda, por tal motivo, se espera que a finales de junio finalicen las obras en este colegio rural. Entre la verde naturaleza de la vereda San Pedro Bajo del Corregimiento Uno de Bucaramanga se levanta una moderna sede educativa que pr\u00f3ximamente recibir\u00e1 [&hellip;]<\/p>\n","protected":false},"author":1,"featured_media":18489,"comment_status":"open","ping_status":"open","sticky":false,"template":"","format":"standard","meta":{"_bbp_topic_count":0,"_bbp_reply_count":0,"_bbp_total_topic_count":0,"_bbp_total_reply_count":0,"_bbp_voice_count":0,"_bbp_anonymous_reply_count":0,"_bbp_topic_count_hidden":0,"_bbp_reply_count_hidden":0,"_bbp_forum_subforum_count":0,"footnotes":""},"categories":[1],"tags":[],"_links":{"self":[{"href":"https:\/\/www.seb.gov.co\/index.php\/wp-json\/wp\/v2\/posts\/18485"}],"collection":[{"href":"https:\/\/www.seb.gov.co\/index.php\/wp-json\/wp\/v2\/posts"}],"about":[{"href":"https:\/\/www.seb.gov.co\/index.php\/wp-json\/wp\/v2\/types\/post"}],"author":[{"embeddable":true,"href":"https:\/\/www.seb.gov.co\/index.php\/wp-json\/wp\/v2\/users\/1"}],"replies":[{"embeddable":true,"href":"https:\/\/www.seb.gov.co\/index.php\/wp-json\/wp\/v2\/comments?post=18485"}],"version-history":[{"count":1,"href":"https:\/\/www.seb.gov.co\/index.php\/wp-json\/wp\/v2\/posts\/18485\/revisions"}],"predecessor-version":[{"id":18490,"href":"https:\/\/www.seb.gov.co\/index.php\/wp-json\/wp\/v2\/posts\/18485\/revisions\/18490"}],"wp:featuredmedia":[{"embeddable":true,"href":"https:\/\/www.seb.gov.co\/index.php\/wp-json\/wp\/v2\/media\/18489"}],"wp:attachment":[{"href":"https:\/\/www.seb.gov.co\/index.php\/wp-json\/wp\/v2\/media?parent=18485"}],"wp:term":[{"taxonomy":"category","embeddable":true,"href":"https:\/\/www.seb.gov.co\/index.php\/wp-json\/wp\/v2\/categories?post=18485"},{"taxonomy":"post_tag","embeddable":true,"href":"https:\/\/www.seb.gov.co\/index.php\/wp-json\/wp\/v2\/tags?post=18485"}],"curies":[{"name":"wp","href":"https:\/\/api.w.org\/{rel}","templated":true}]}}