{"id":18463,"date":"2022-06-14T15:34:31","date_gmt":"2022-06-14T15:34:31","guid":{"rendered":"https:\/\/www.seb.gov.co\/?p=18463"},"modified":"2022-08-29T14:24:20","modified_gmt":"2022-08-29T14:24:20","slug":"hoy-entra-en-servicio-la-ludoteca-del-parque-recreativo-del-norte","status":"publish","type":"post","link":"https:\/\/www.seb.gov.co\/index.php\/2022\/06\/14\/hoy-entra-en-servicio-la-ludoteca-del-parque-recreativo-del-norte\/","title":{"rendered":"Hoy entra en servicio la ludoteca del parque recreativo del Norte"},"content":{"rendered":"<p><strong>La Alcald\u00eda de Bucaramanga hizo entrega de material did\u00e1ctico y pedag\u00f3gico a la ludoteca ubicada en el parque recreativo del Norte, para que los ni\u00f1os y ni\u00f1as de este sector puedan disfrutar del aprendizaje fuera de casa.<\/strong><\/p>\n<p>Ahora los ni\u00f1os y ni\u00f1as de 0 a 5 a\u00f1os del Norte cuentan con una nueva ludoteca en el parque recreativo. Este espacio es administrado por la Secretar\u00eda de Educaci\u00f3n de Bucaramanga.<\/p>\n<p>Pueden acercarse a la nueva ludoteca todos los d\u00edas, en los siguientes horarios:<\/p>\n<ul>\n<li><strong>Lunes a viernes.<\/strong>\u00a08:00 a.m. a 12:00 m. y de 1:00 p.m. a 5:00 p.m.<\/li>\n<li><strong>S\u00e1bado.\u00a0<\/strong>8:00 a.m. a 12:00 m. y de 1:00 p.m. a 3:00 p.m.<\/li>\n<li><strong>Domingo.<\/strong>\u00a09:00 a.m. a 12:00 m.<\/li>\n<\/ul>\n<p><em>\u00abLos ni\u00f1os y ni\u00f1as disfrutan de los obras que hemos reconstruido con los impuestos de los bumangueses\u00bb, destac\u00f3 el alcalde de Bucaramanga, Juan Carlos C\u00e1rdenas.<\/em><\/p>\n<p><strong>Lea tambi\u00e9n:\u00a0<a role=\"link\" href=\"https:\/\/www.bucaramanga.gov.co\/noticias\/el-parque-recrear-del-norte-una-nueva-obra-realizada-para-el-bienestar-los-bumangueses\/\">El Parque Recrear del Norte, una nueva obra realizada para el bienestar los bumangueses<\/a><\/strong><\/p>\n<p>Jenny Rodr\u00edguez, coordinadora del programa de Primera Infancia del Municipio, destac\u00f3 los materiales que se entregaron en esta dotaci\u00f3n, con una inversi\u00f3n de $24 millones.<\/p>\n<p><em>\u201cSe realiz\u00f3 la entrega de mobiliario, alrededor de 120 t\u00edtulos bibliogr\u00e1ficos, material de papeler\u00eda y artes pl\u00e1sticas, disfraces, juegos did\u00e1cticos y 11 colecciones d<\/em>e<em>\u00a0Lego Education\u00bb.<\/em><\/p>\n<p>Entre los libros que hacen parte de la dotaci\u00f3n, se destacan:<\/p>\n<ul>\n<li>El pescador \u2013 Mar\u00eda Teresa de La Vega.<\/li>\n<li>Tres gatos \u2013 Mar\u00eda Teresa de La Vega.<\/li>\n<li>Clari y el viento \u2013 Nicol\u00e1s Buenaventura.<\/li>\n<li>El monstruo al que le gustaba leer \u2013 Lili Chartrand.<\/li>\n<\/ul>\n<p><strong>Lea tambi\u00e9n:\u00a0<a role=\"link\" href=\"https:\/\/www.bucaramanga.gov.co\/alcaldia-de-bucaramanga\/mas-de-500-migrantes-seran-impactados-con-estrategias-para-el-fortalecimiento-familiar\/\">M\u00e1s de 500 migrantes ser\u00e1n impactados con estrategias para el fortalecimiento familiar<\/a><\/strong><\/p>\n<p>Durante el Gobierno del Alcalde Juan Carlos C\u00e1rdenas se han destinado m\u00e1s de $160 millones en la dotaci\u00f3n de las ludotecas del IMCT, Centro Vida Kennedy, Caf\u00e9 Madrid, La Ceiba y Recrear del Norte.<\/p>\n","protected":false},"excerpt":{"rendered":"<p>La Alcald\u00eda de Bucaramanga hizo entrega de material did\u00e1ctico y pedag\u00f3gico a la ludoteca ubicada en el parque recreativo del Norte, para que los ni\u00f1os y ni\u00f1as de este sector puedan disfrutar del aprendizaje fuera de casa. Ahora los ni\u00f1os y ni\u00f1as de 0 a 5 a\u00f1os del Norte cuentan con una nueva ludoteca en [&hellip;]<\/p>\n","protected":false},"author":1,"featured_media":18464,"comment_status":"open","ping_status":"open","sticky":false,"template":"","format":"standard","meta":{"_bbp_topic_count":0,"_bbp_reply_count":0,"_bbp_total_topic_count":0,"_bbp_total_reply_count":0,"_bbp_voice_count":0,"_bbp_anonymous_reply_count":0,"_bbp_topic_count_hidden":0,"_bbp_reply_count_hidden":0,"_bbp_forum_subforum_count":0,"footnotes":""},"categories":[1],"tags":[],"_links":{"self":[{"href":"https:\/\/www.seb.gov.co\/index.php\/wp-json\/wp\/v2\/posts\/18463"}],"collection":[{"href":"https:\/\/www.seb.gov.co\/index.php\/wp-json\/wp\/v2\/posts"}],"about":[{"href":"https:\/\/www.seb.gov.co\/index.php\/wp-json\/wp\/v2\/types\/post"}],"author":[{"embeddable":true,"href":"https:\/\/www.seb.gov.co\/index.php\/wp-json\/wp\/v2\/users\/1"}],"replies":[{"embeddable":true,"href":"https:\/\/www.seb.gov.co\/index.php\/wp-json\/wp\/v2\/comments?post=18463"}],"version-history":[{"count":1,"href":"https:\/\/www.seb.gov.co\/index.php\/wp-json\/wp\/v2\/posts\/18463\/revisions"}],"predecessor-version":[{"id":18465,"href":"https:\/\/www.seb.gov.co\/index.php\/wp-json\/wp\/v2\/posts\/18463\/revisions\/18465"}],"wp:featuredmedia":[{"embeddable":true,"href":"https:\/\/www.seb.gov.co\/index.php\/wp-json\/wp\/v2\/media\/18464"}],"wp:attachment":[{"href":"https:\/\/www.seb.gov.co\/index.php\/wp-json\/wp\/v2\/media?parent=18463"}],"wp:term":[{"taxonomy":"category","embeddable":true,"href":"https:\/\/www.seb.gov.co\/index.php\/wp-json\/wp\/v2\/categories?post=18463"},{"taxonomy":"post_tag","embeddable":true,"href":"https:\/\/www.seb.gov.co\/index.php\/wp-json\/wp\/v2\/tags?post=18463"}],"curies":[{"name":"wp","href":"https:\/\/api.w.org\/{rel}","templated":true}]}}