{"id":18379,"date":"2022-06-03T16:26:09","date_gmt":"2022-06-03T16:26:09","guid":{"rendered":"https:\/\/www.seb.gov.co\/?p=18379"},"modified":"2022-08-29T14:18:38","modified_gmt":"2022-08-29T14:18:38","slug":"participe-del-encuentro-de-intercambio-de-saberes-con-el-men","status":"publish","type":"post","link":"https:\/\/www.seb.gov.co\/index.php\/2022\/06\/03\/participe-del-encuentro-de-intercambio-de-saberes-con-el-men\/","title":{"rendered":"Participe del Encuentro de intercambio de saberes con el MEN"},"content":{"rendered":"<div>En Barranquilla el Ministerio de Educaci\u00f3n nacional desarrollar\u00e1 el &#8216;Encuentro de Intercambio de Saberes&#8217; que tiene prop\u00f3sito aportar en la consolidaci\u00f3n de propuestas t\u00e9cnicas y operativas para fortalecer la educaci\u00f3n inicial y b\u00e1sica primaria en los ni\u00f1os de instituciones educativas p\u00fablicas y privadas en el pa\u00eds.<\/div>\n<div><\/div>\n<div><\/div>\n<div>Por tal raz\u00f3n, el MEN espera identificar y seleccionar previamente esos procesos y experiencias exitosas que se postulen hasta el pr\u00f3ximo 06 de junio del presente a\u00f1o.<\/div>\n<div><\/div>\n<div><\/div>\n<div>Conozca m\u00e1s detalles en el siguiente documento pdf y recuerde diligenciar los formularios seg\u00fan corresponde la instituci\u00f3n.<\/div>\n<div><\/div>\n<div><\/div>\n<div>Documento pdf:\u00a0<a href=\"https:\/\/www.seb.gov.co\/wp-content\/uploads\/2022\/06\/PPEI-CONVOCATORIA-2.pdf\">PPEI CONVOCATORIA 2<\/a><\/div>\n<div>Formulario postulaci\u00f3n prestadores de servicio privados:<span style=\"font-size: small; font-family: 'Arial Nova Light', sans-serif;\">\u00a0<\/span><a style=\"font-size: small;\" href=\"https:\/\/nam02.safelinks.protection.outlook.com\/?url=https%3A%2F%2Fee.humanitarianresponse.info%2Fx%2FItEtUfm8&amp;data=05%7C01%7Claariash%40bucaramanga.gov.co%7Cb0a323c39caf4cf7133e08da4338f75f%7C78683ff20c204bdabc77d4b2a87f2a6a%7C0%7C0%7C637896209240730557%7CUnknown%7CTWFpbGZsb3d8eyJWIjoiMC4wLjAwMDAiLCJQIjoiV2luMzIiLCJBTiI6Ik1haWwiLCJXVCI6Mn0%3D%7C3000%7C%7C%7C&amp;sdata=qRCOvGfcWW3Lf0saw7H0l5vmrQMiclhbILocCs9SpVg%3D&amp;reserved=0\" target=\"_blank\" rel=\"noopener noreferrer\"><span style=\"font-family: Arial Nova Light,sans-serif;\">https:\/\/ee.humanitarianresponse.info\/x\/ItEtUfm8<\/span><\/a><\/div>\n<div>\n<div align=\"justify\"><span style=\"font-family: Segoe UI,Segoe UI Web (West European),Segoe UI,-apple-system,BlinkMacSystemFont,Roboto,Helvetica Neue,sans-serif; font-size: small;\"><span style=\"font-family: Arial Nova Light,sans-serif;\">\u00a0<\/span><\/span><\/div>\n<\/div>\n","protected":false},"excerpt":{"rendered":"<p>En Barranquilla el Ministerio de Educaci\u00f3n nacional desarrollar\u00e1 el &#8216;Encuentro de Intercambio de Saberes&#8217; que tiene prop\u00f3sito aportar en la consolidaci\u00f3n de propuestas t\u00e9cnicas y operativas para fortalecer la educaci\u00f3n inicial y b\u00e1sica primaria en los ni\u00f1os de instituciones educativas p\u00fablicas y privadas en el pa\u00eds. Por tal raz\u00f3n, el MEN espera identificar y seleccionar [&hellip;]<\/p>\n","protected":false},"author":1,"featured_media":17429,"comment_status":"open","ping_status":"open","sticky":false,"template":"","format":"standard","meta":{"_bbp_topic_count":0,"_bbp_reply_count":0,"_bbp_total_topic_count":0,"_bbp_total_reply_count":0,"_bbp_voice_count":0,"_bbp_anonymous_reply_count":0,"_bbp_topic_count_hidden":0,"_bbp_reply_count_hidden":0,"_bbp_forum_subforum_count":0,"footnotes":""},"categories":[1],"tags":[],"_links":{"self":[{"href":"https:\/\/www.seb.gov.co\/index.php\/wp-json\/wp\/v2\/posts\/18379"}],"collection":[{"href":"https:\/\/www.seb.gov.co\/index.php\/wp-json\/wp\/v2\/posts"}],"about":[{"href":"https:\/\/www.seb.gov.co\/index.php\/wp-json\/wp\/v2\/types\/post"}],"author":[{"embeddable":true,"href":"https:\/\/www.seb.gov.co\/index.php\/wp-json\/wp\/v2\/users\/1"}],"replies":[{"embeddable":true,"href":"https:\/\/www.seb.gov.co\/index.php\/wp-json\/wp\/v2\/comments?post=18379"}],"version-history":[{"count":2,"href":"https:\/\/www.seb.gov.co\/index.php\/wp-json\/wp\/v2\/posts\/18379\/revisions"}],"predecessor-version":[{"id":18387,"href":"https:\/\/www.seb.gov.co\/index.php\/wp-json\/wp\/v2\/posts\/18379\/revisions\/18387"}],"wp:featuredmedia":[{"embeddable":true,"href":"https:\/\/www.seb.gov.co\/index.php\/wp-json\/wp\/v2\/media\/17429"}],"wp:attachment":[{"href":"https:\/\/www.seb.gov.co\/index.php\/wp-json\/wp\/v2\/media?parent=18379"}],"wp:term":[{"taxonomy":"category","embeddable":true,"href":"https:\/\/www.seb.gov.co\/index.php\/wp-json\/wp\/v2\/categories?post=18379"},{"taxonomy":"post_tag","embeddable":true,"href":"https:\/\/www.seb.gov.co\/index.php\/wp-json\/wp\/v2\/tags?post=18379"}],"curies":[{"name":"wp","href":"https:\/\/api.w.org\/{rel}","templated":true}]}}