{"id":18300,"date":"2022-05-24T22:19:56","date_gmt":"2022-05-24T22:19:56","guid":{"rendered":"https:\/\/www.seb.gov.co\/?p=18300"},"modified":"2022-08-26T14:28:24","modified_gmt":"2022-08-26T14:28:24","slug":"100-ninos-de-escasos-recursos-economicos-sonrieron-con-una-donacion-de-kits-escolares","status":"publish","type":"post","link":"https:\/\/www.seb.gov.co\/index.php\/2022\/05\/24\/100-ninos-de-escasos-recursos-economicos-sonrieron-con-una-donacion-de-kits-escolares\/","title":{"rendered":"100 ni\u00f1os de escasos recursos econ\u00f3micos sonrieron con una donaci\u00f3n de kits escolares"},"content":{"rendered":"<p>En el marco de responsabilidad corporativa que busca apoyar la calidad educativa de Bucaramanga, el BBVA llev\u00f3 alegr\u00eda a 100 ni\u00f1os del colegio Campohermoso sede B.<\/p>\n<p>El gerente regional de la entidad bancaria, Edwin Yamid Correa, explic\u00f3 que la organizaci\u00f3n seguir\u00e1 apoyando la educaci\u00f3n en las instituciones educativas de la ciudad.<\/p>\n<p><em>\u00abLa idea es llevar a cada uno de los ni\u00f1os ilusi\u00f3n, sue\u00f1o y cari\u00f1o. Son ni\u00f1os de grado cero de 5 a\u00f1os de edad, agradecemos esta alianza y la oportunidad que le dan a los ni\u00f1os de sectores menos favorecidos\u00bb, dijo.<\/em><\/p>\n<p><em>Tambi\u00e9n particip\u00f3 el rector del Campohermoso, Alfredo Ord\u00faz Ardila, quien se\u00f1al\u00f3 que \u00abes satisfactorio ver la alegr\u00eda de ellos al recibir estos \u00fatiles escolares de gran necesidad\u201d.<\/em><\/p>\n<p>El Kit que recibieron los estudiantes contiene un morral, cuadernos, diccionario, colores, crayones, entre otros elementos.<\/p>\n<p><em>\u00abLa importante alianza de apoyo y solidaridad espera estar pr\u00f3ximamente en otras instituciones educativas llevando esperanza y bienestar a m\u00e1s ni\u00f1os en condiciones de vulnerabilidad\u201d, destac\u00f3 la secretaria de Educaci\u00f3n del Municipio, Ana Leonor Rueda.<\/em><\/p>\n<ul class=\"kiwi-article-bar rect kiwi-article-bar-center \" data-tracking=\"true\" data-tracking-container=\"article-bar\">\n<li><\/li>\n<\/ul>\n","protected":false},"excerpt":{"rendered":"<p>En el marco de responsabilidad corporativa que busca apoyar la calidad educativa de Bucaramanga, el BBVA llev\u00f3 alegr\u00eda a 100 ni\u00f1os del colegio Campohermoso sede B. El gerente regional de la entidad bancaria, Edwin Yamid Correa, explic\u00f3 que la organizaci\u00f3n seguir\u00e1 apoyando la educaci\u00f3n en las instituciones educativas de la ciudad. \u00abLa idea es llevar [&hellip;]<\/p>\n","protected":false},"author":1,"featured_media":18301,"comment_status":"open","ping_status":"open","sticky":false,"template":"","format":"standard","meta":{"_bbp_topic_count":0,"_bbp_reply_count":0,"_bbp_total_topic_count":0,"_bbp_total_reply_count":0,"_bbp_voice_count":0,"_bbp_anonymous_reply_count":0,"_bbp_topic_count_hidden":0,"_bbp_reply_count_hidden":0,"_bbp_forum_subforum_count":0,"footnotes":""},"categories":[1],"tags":[],"_links":{"self":[{"href":"https:\/\/www.seb.gov.co\/index.php\/wp-json\/wp\/v2\/posts\/18300"}],"collection":[{"href":"https:\/\/www.seb.gov.co\/index.php\/wp-json\/wp\/v2\/posts"}],"about":[{"href":"https:\/\/www.seb.gov.co\/index.php\/wp-json\/wp\/v2\/types\/post"}],"author":[{"embeddable":true,"href":"https:\/\/www.seb.gov.co\/index.php\/wp-json\/wp\/v2\/users\/1"}],"replies":[{"embeddable":true,"href":"https:\/\/www.seb.gov.co\/index.php\/wp-json\/wp\/v2\/comments?post=18300"}],"version-history":[{"count":1,"href":"https:\/\/www.seb.gov.co\/index.php\/wp-json\/wp\/v2\/posts\/18300\/revisions"}],"predecessor-version":[{"id":18302,"href":"https:\/\/www.seb.gov.co\/index.php\/wp-json\/wp\/v2\/posts\/18300\/revisions\/18302"}],"wp:featuredmedia":[{"embeddable":true,"href":"https:\/\/www.seb.gov.co\/index.php\/wp-json\/wp\/v2\/media\/18301"}],"wp:attachment":[{"href":"https:\/\/www.seb.gov.co\/index.php\/wp-json\/wp\/v2\/media?parent=18300"}],"wp:term":[{"taxonomy":"category","embeddable":true,"href":"https:\/\/www.seb.gov.co\/index.php\/wp-json\/wp\/v2\/categories?post=18300"},{"taxonomy":"post_tag","embeddable":true,"href":"https:\/\/www.seb.gov.co\/index.php\/wp-json\/wp\/v2\/tags?post=18300"}],"curies":[{"name":"wp","href":"https:\/\/api.w.org\/{rel}","templated":true}]}}