{"id":18211,"date":"2022-05-11T19:41:06","date_gmt":"2022-05-11T19:41:06","guid":{"rendered":"https:\/\/www.seb.gov.co\/?p=18211"},"modified":"2022-05-23T13:57:33","modified_gmt":"2022-05-23T13:57:33","slug":"mas-de-300-millones-ha-invertido-la-alcaldia-de-bucaramanga-en-el-colegio-la-libertad","status":"publish","type":"post","link":"https:\/\/www.seb.gov.co\/index.php\/2022\/05\/11\/mas-de-300-millones-ha-invertido-la-alcaldia-de-bucaramanga-en-el-colegio-la-libertad\/","title":{"rendered":"M\u00e1s de $300 millones ha invertido la Alcald\u00eda de Bucaramanga en el colegio La Libertad"},"content":{"rendered":"<p><strong>La inversi\u00f3n se ve reflejada en computadores, bater\u00edas sanitarias, mobiliario y en el Programa de Alimentaci\u00f3n Escolar que benefician a 1.100 estudiantes de este colegio oficial de la capital santandereana.<\/strong><\/p>\n<p><img decoding=\"async\" loading=\"lazy\" class=\"alignleft  wp-image-18213\" src=\"https:\/\/www.seb.gov.co\/wp-content\/uploads\/2022\/05\/809edcf3-4754-43c7-8908-943e8b653d6d-1024x768.jpg\" alt=\"\" width=\"242\" height=\"182\" srcset=\"https:\/\/www.seb.gov.co\/wp-content\/uploads\/2022\/05\/809edcf3-4754-43c7-8908-943e8b653d6d-1024x768.jpg 1024w, https:\/\/www.seb.gov.co\/wp-content\/uploads\/2022\/05\/809edcf3-4754-43c7-8908-943e8b653d6d-300x225.jpg 300w, https:\/\/www.seb.gov.co\/wp-content\/uploads\/2022\/05\/809edcf3-4754-43c7-8908-943e8b653d6d-768x576.jpg 768w, https:\/\/www.seb.gov.co\/wp-content\/uploads\/2022\/05\/809edcf3-4754-43c7-8908-943e8b653d6d.jpg 1600w\" sizes=\"(max-width: 242px) 100vw, 242px\" \/><\/p>\n<p><img decoding=\"async\" loading=\"lazy\" class=\"alignleft  wp-image-18212\" src=\"https:\/\/www.seb.gov.co\/wp-content\/uploads\/2022\/05\/5ce4596d-1f9b-464e-9690-f771b2aeb2e2-1024x768.jpg\" alt=\"\" width=\"240\" height=\"180\" srcset=\"https:\/\/www.seb.gov.co\/wp-content\/uploads\/2022\/05\/5ce4596d-1f9b-464e-9690-f771b2aeb2e2-1024x768.jpg 1024w, https:\/\/www.seb.gov.co\/wp-content\/uploads\/2022\/05\/5ce4596d-1f9b-464e-9690-f771b2aeb2e2-300x225.jpg 300w, https:\/\/www.seb.gov.co\/wp-content\/uploads\/2022\/05\/5ce4596d-1f9b-464e-9690-f771b2aeb2e2-768x576.jpg 768w, https:\/\/www.seb.gov.co\/wp-content\/uploads\/2022\/05\/5ce4596d-1f9b-464e-9690-f771b2aeb2e2.jpg 1600w\" sizes=\"(max-width: 240px) 100vw, 240px\" \/><\/p>\n<p><img decoding=\"async\" loading=\"lazy\" class=\"wp-image-18214 alignnone\" src=\"https:\/\/www.seb.gov.co\/wp-content\/uploads\/2022\/05\/a61f9c1d-258c-46c0-b1fd-6e98007ab496-1024x768.jpg\" alt=\"\" width=\"242\" height=\"182\" srcset=\"https:\/\/www.seb.gov.co\/wp-content\/uploads\/2022\/05\/a61f9c1d-258c-46c0-b1fd-6e98007ab496-1024x768.jpg 1024w, https:\/\/www.seb.gov.co\/wp-content\/uploads\/2022\/05\/a61f9c1d-258c-46c0-b1fd-6e98007ab496-300x225.jpg 300w, https:\/\/www.seb.gov.co\/wp-content\/uploads\/2022\/05\/a61f9c1d-258c-46c0-b1fd-6e98007ab496-768x576.jpg 768w, https:\/\/www.seb.gov.co\/wp-content\/uploads\/2022\/05\/a61f9c1d-258c-46c0-b1fd-6e98007ab496.jpg 1600w\" sizes=\"(max-width: 242px) 100vw, 242px\" \/><\/p>\n<p>En los m\u00e1s de 40 a\u00f1os que tiene la instituci\u00f3n educativa La Libertad, esta es de las ocasiones que recibe una inversi\u00f3n considerable para mejorar sus instalaciones. Se trata de cerca\u00a0<strong>$333 millones<\/strong>\u00a0que de acuerdo con el rector del colegio, Luis Alberto Perdomo, contribuyen con el bienestar de 1.100 estudiantes.<\/p>\n<p>\u00abSeguimos trabajando con amor, pasi\u00f3n y transparencia por Bucaramanga, ciudad de oportunidades para todos y todas. Garantizamos desde el primer d\u00eda de clases transporte escolar para cerca de 2.500 estudiantes, PAE para m\u00e1s de 35.000, seguridad en cada colegio y aseo!, afirm\u00f3 Juan Carlos C\u00e1rdenas, alcalde de Bucaramanga.<\/p>\n<p>Entre las ayudas que ha recibido de la actual Administraci\u00f3n Municipal se destacan las adecuaciones adelantadas, a trav\u00e9s de la estrategia denominada Acuerdos Escolares, en la que los mismos estudiantes eligieron en qu\u00e9 invertir el presupuesto.<\/p>\n<p>La tienda escolar es una de las obras realizadas, con un costo de\u00a0<strong>$75 millones<\/strong>. A su vez, ante las constantes ca\u00eddas de la energ\u00eda el\u00e9ctrica que dificultaba las actividades acad\u00e9micas, la Alcald\u00eda de Bucaramanga realiz\u00f3 una inversi\u00f3n que ascendi\u00f3 a los\u00a0<strong>$180 millones<\/strong>\u00a0con el que se ubic\u00f3 un\u00a0<strong>transformador el\u00e9ctrico<\/strong>.<\/p>\n<p>Este transformador est\u00e1 potenciado para servir 30 a\u00f1os. Actualmente, los estudiantes del colegio La Libertad cuentan con\u00a0<strong>80 computadores<\/strong>\u00a0que entreg\u00f3 la Administraci\u00f3n del alcalde Juan Carlos C\u00e1rdenas, con una inversi\u00f3n\u00a0<strong>de $40 millones<\/strong>, para mejorar la conectividad y los procesos educativos.<\/p>\n<p>Pr\u00f3ximamente los estudiantes estrenar\u00e1n en el restaurante escolar, un\u00a0<strong>mobiliario con 12 mesas y 70 sillas<\/strong>. En cuanto a bater\u00edas sanitarias, el colegio recibi\u00f3 un presupuesto de\u00a0<strong>$8 millones<\/strong>\u00a0con el que se adecuaron\u00a0<strong>cuatro bater\u00edas sanitarias y 16 ba\u00f1os<\/strong>.<\/p>\n<p>El rector de la instituci\u00f3n destac\u00f3 la compra\u00a0<strong>de tres videos beam nuevos, y 10 aires acondicionados<\/strong>\u00a0ubicados en los salones. La inversi\u00f3n fue de\u00a0<strong>$18 millones<\/strong>.<\/p>\n<p>En cuanto a la estrategia de permanencia escolar, este servicio\u00a0<strong>lo reciben 335 estudiantes<\/strong>; se proyecta ampliar la oferta a 400 ni\u00f1os, ni\u00f1as y j\u00f3venes con este alimento esencial para complementar sus actividades escolares.<\/p>\n<p>\u00a1<strong>En Bucaramanga le apostamos por la construcci\u00f3n de un mejor futuro a trav\u00e9s de la educaci\u00f3n de calidad!<\/strong><\/p>\n","protected":false},"excerpt":{"rendered":"<p>La inversi\u00f3n se ve reflejada en computadores, bater\u00edas sanitarias, mobiliario y en el Programa de Alimentaci\u00f3n Escolar que benefician a 1.100 estudiantes de este colegio oficial de la capital santandereana. En los m\u00e1s de 40 a\u00f1os que tiene la instituci\u00f3n educativa La Libertad, esta es de las ocasiones que recibe una inversi\u00f3n considerable para mejorar [&hellip;]<\/p>\n","protected":false},"author":1,"featured_media":18215,"comment_status":"open","ping_status":"open","sticky":false,"template":"","format":"standard","meta":{"_bbp_topic_count":0,"_bbp_reply_count":0,"_bbp_total_topic_count":0,"_bbp_total_reply_count":0,"_bbp_voice_count":0,"_bbp_anonymous_reply_count":0,"_bbp_topic_count_hidden":0,"_bbp_reply_count_hidden":0,"_bbp_forum_subforum_count":0,"footnotes":""},"categories":[1],"tags":[],"_links":{"self":[{"href":"https:\/\/www.seb.gov.co\/index.php\/wp-json\/wp\/v2\/posts\/18211"}],"collection":[{"href":"https:\/\/www.seb.gov.co\/index.php\/wp-json\/wp\/v2\/posts"}],"about":[{"href":"https:\/\/www.seb.gov.co\/index.php\/wp-json\/wp\/v2\/types\/post"}],"author":[{"embeddable":true,"href":"https:\/\/www.seb.gov.co\/index.php\/wp-json\/wp\/v2\/users\/1"}],"replies":[{"embeddable":true,"href":"https:\/\/www.seb.gov.co\/index.php\/wp-json\/wp\/v2\/comments?post=18211"}],"version-history":[{"count":1,"href":"https:\/\/www.seb.gov.co\/index.php\/wp-json\/wp\/v2\/posts\/18211\/revisions"}],"predecessor-version":[{"id":18216,"href":"https:\/\/www.seb.gov.co\/index.php\/wp-json\/wp\/v2\/posts\/18211\/revisions\/18216"}],"wp:featuredmedia":[{"embeddable":true,"href":"https:\/\/www.seb.gov.co\/index.php\/wp-json\/wp\/v2\/media\/18215"}],"wp:attachment":[{"href":"https:\/\/www.seb.gov.co\/index.php\/wp-json\/wp\/v2\/media?parent=18211"}],"wp:term":[{"taxonomy":"category","embeddable":true,"href":"https:\/\/www.seb.gov.co\/index.php\/wp-json\/wp\/v2\/categories?post=18211"},{"taxonomy":"post_tag","embeddable":true,"href":"https:\/\/www.seb.gov.co\/index.php\/wp-json\/wp\/v2\/tags?post=18211"}],"curies":[{"name":"wp","href":"https:\/\/api.w.org\/{rel}","templated":true}]}}