{"id":18133,"date":"2022-04-29T17:07:02","date_gmt":"2022-04-29T17:07:02","guid":{"rendered":"https:\/\/www.seb.gov.co\/?p=18133"},"modified":"2022-05-23T13:56:34","modified_gmt":"2022-05-23T13:56:34","slug":"en-un-75-avanza-la-transformacion-del-entorno-educativo-del-colegio-las-americas","status":"publish","type":"post","link":"https:\/\/www.seb.gov.co\/index.php\/2022\/04\/29\/en-un-75-avanza-la-transformacion-del-entorno-educativo-del-colegio-las-americas\/","title":{"rendered":"En un 75% avanza la transformaci\u00f3n del entorno educativo del Colegio Las Am\u00e9ricas"},"content":{"rendered":"<p><strong>Se espera que estas obras de modernizaci\u00f3n del espacio p\u00fablico, alrededor del\u00a0Colegio Las Am\u00e9ricas\u00a0en el barrio \u00c1lvarez, culminen en\u00a0junio.<\/strong><\/p>\n<p>Actualmente la Alcald\u00eda de Bucaramanga adelanta la recuperaci\u00f3n de\u00a0<strong>m\u00e1s 3.380 metros cuadrados<\/strong>\u00a0de espacio p\u00fablico alrededor de esta instituci\u00f3n educativa, insignia de la\u00a0<strong>Comuna 13<\/strong>.<\/p>\n<p>Con una inversi\u00f3n que asciende a los\u00a0<strong>$ 1.377 millones<\/strong>\u00a0avanza la restauraci\u00f3n de este espacio, con el fin de garantizar la libre circulaci\u00f3n de los transe\u00fantes y, particularmente, de los estudiantes de este plantel educativo.<\/p>\n<p>Las obras que se llevan a cabo en esta zona se han centrado en el mejoramiento de las superficies en mal estado, el retiro de los obst\u00e1culos existentes como escaleras y postes, adem\u00e1s de la adecuaci\u00f3n de los perfilamientos viales seg\u00fan el\u00a0<strong>Plan de Ordenamiento Territorial<\/strong>.<\/p>\n<figure class=\"wp-block-pullquote\">\n<blockquote><p>\u00abLe vamos a cambiar el caminado a los bumangueses y a nuestra ciudad. Queremos que sea un espacio p\u00fablico seguro e inclusivo\u00bb: Alcalde Juan Carlos C\u00e1rdenas<\/p><\/blockquote>\n<\/figure>\n<figure class=\"wp-block-gallery columns-3 is-cropped\">\n<ul class=\"blocks-gallery-grid\">\n<li class=\"blocks-gallery-item\">\n<figure><img decoding=\"async\" loading=\"lazy\" class=\"wp-image-137036\" src=\"https:\/\/www.bucaramanga.gov.co\/wp-content\/uploads\/2022\/04\/19f5eb35-5eab-45e4-8de1-2518fc699170-1024x576.jpg\" sizes=\"(min-width: 0px) and (max-width: 480px) 480px, (min-width: 481px) and (max-width: 980px) 980px, (min-width: 981px) 1024px, 100vw\" srcset=\"https:\/\/www.bucaramanga.gov.co\/wp-content\/uploads\/2022\/04\/19f5eb35-5eab-45e4-8de1-2518fc699170-1024x576.jpg 1024w, https:\/\/www.bucaramanga.gov.co\/wp-content\/uploads\/2022\/04\/19f5eb35-5eab-45e4-8de1-2518fc699170-980x551.jpg 980w, https:\/\/www.bucaramanga.gov.co\/wp-content\/uploads\/2022\/04\/19f5eb35-5eab-45e4-8de1-2518fc699170-480x270.jpg 480w\" alt=\"\" width=\"1024\" height=\"576\" data-id=\"137036\" data-full-url=\"https:\/\/www.bucaramanga.gov.co\/wp-content\/uploads\/2022\/04\/19f5eb35-5eab-45e4-8de1-2518fc699170.jpg\" data-link=\"https:\/\/www.bucaramanga.gov.co\/?attachment_id=137036\" \/><\/figure>\n<\/li>\n<li class=\"blocks-gallery-item\">\n<figure><img decoding=\"async\" loading=\"lazy\" class=\"wp-image-137037\" src=\"https:\/\/www.bucaramanga.gov.co\/wp-content\/uploads\/2022\/04\/34db3ea8-ae75-413c-98f1-b8344ddb2fa0-1024x576.jpg\" sizes=\"(min-width: 0px) and (max-width: 480px) 480px, (min-width: 481px) and (max-width: 980px) 980px, (min-width: 981px) 1024px, 100vw\" srcset=\"https:\/\/www.bucaramanga.gov.co\/wp-content\/uploads\/2022\/04\/34db3ea8-ae75-413c-98f1-b8344ddb2fa0-1024x576.jpg 1024w, https:\/\/www.bucaramanga.gov.co\/wp-content\/uploads\/2022\/04\/34db3ea8-ae75-413c-98f1-b8344ddb2fa0-980x551.jpg 980w, https:\/\/www.bucaramanga.gov.co\/wp-content\/uploads\/2022\/04\/34db3ea8-ae75-413c-98f1-b8344ddb2fa0-480x270.jpg 480w\" alt=\"\" width=\"1024\" height=\"576\" data-id=\"137037\" data-full-url=\"https:\/\/www.bucaramanga.gov.co\/wp-content\/uploads\/2022\/04\/34db3ea8-ae75-413c-98f1-b8344ddb2fa0.jpg\" data-link=\"https:\/\/www.bucaramanga.gov.co\/?attachment_id=137037\" \/><\/figure>\n<\/li>\n<li class=\"blocks-gallery-item\">\n<figure><img decoding=\"async\" loading=\"lazy\" class=\"wp-image-137038\" src=\"https:\/\/www.bucaramanga.gov.co\/wp-content\/uploads\/2022\/04\/767c99c8-645a-4149-97f8-788124fb82ba-1024x576.jpg\" sizes=\"(min-width: 0px) and (max-width: 480px) 480px, (min-width: 481px) and (max-width: 980px) 980px, (min-width: 981px) 1024px, 100vw\" srcset=\"https:\/\/www.bucaramanga.gov.co\/wp-content\/uploads\/2022\/04\/767c99c8-645a-4149-97f8-788124fb82ba-1024x576.jpg 1024w, https:\/\/www.bucaramanga.gov.co\/wp-content\/uploads\/2022\/04\/767c99c8-645a-4149-97f8-788124fb82ba-980x551.jpg 980w, https:\/\/www.bucaramanga.gov.co\/wp-content\/uploads\/2022\/04\/767c99c8-645a-4149-97f8-788124fb82ba-480x270.jpg 480w\" alt=\"\" width=\"1024\" height=\"576\" data-id=\"137038\" data-full-url=\"https:\/\/www.bucaramanga.gov.co\/wp-content\/uploads\/2022\/04\/767c99c8-645a-4149-97f8-788124fb82ba.jpg\" data-link=\"https:\/\/www.bucaramanga.gov.co\/?attachment_id=137038\" \/><\/figure>\n<\/li>\n<\/ul><figcaption class=\"blocks-gallery-caption\"><strong>Fotograf\u00eda: Franz Rey \/ Prensa Alcald\u00eda de Bucaramanga<\/strong><\/figcaption><\/figure>\n<p><strong>Lo invitamos a ver:\u00a0<a role=\"link\" href=\"https:\/\/www.youtube.com\/watch?v=-rB9K8bShwc\">Reaperturamos el parque Sol\u00f3n Wilches para el disfrute de toda la comunidad<\/a><\/strong><\/p>\n<p>\u00abEs un proyecto que va a beneficiar a todos los habitantes de la Comuna 13, ya que es una zona educativa, hospitalaria y comunitaria. All\u00ed se va a mejorar el espacio p\u00fablico ampli\u00e1ndolo y generando una zona mucho m\u00e1s accesible y amplia para el peat\u00f3n. Se va mejorar y garantizar un espacio m\u00e1s confortable para las personas con movilidad reducida, a las mam\u00e1s y los adultos mayores. Adicionalmente, la ampliaci\u00f3n de este espacio va a contemplar la instalaci\u00f3n de luminarias, zonas de estancia y mobiliarios que lo va a hacer un lugar m\u00e1s agradable para toda la ciudadan\u00eda\u00bb, explic\u00f3\u00a0Juliana Ariza, integrante del equipo Social del Taller de Arquitectura de Bucaramanga.<\/p>\n<p>Cabe se\u00f1alar que, todas estas adecuaciones se realizan acorde a lo que establece el<strong>\u00a0Manual de Espacio P\u00fablico de Bucaramanga<\/strong>.<\/p>\n<p>Actualmente, se avanza en la actualizaci\u00f3n del componente el\u00e9ctrico e inici\u00f3 la reconstrucci\u00f3n de uno de los muros de la instituci\u00f3n que representaba un peligro para la comunidad educativa por sus malas condiciones.<\/p>\n<p><strong>En Bucaramanga \u00a1Gobernar es hacer!<\/strong><\/p>\n","protected":false},"excerpt":{"rendered":"<p>Se espera que estas obras de modernizaci\u00f3n del espacio p\u00fablico, alrededor del\u00a0Colegio Las Am\u00e9ricas\u00a0en el barrio \u00c1lvarez, culminen en\u00a0junio. Actualmente la Alcald\u00eda de Bucaramanga adelanta la recuperaci\u00f3n de\u00a0m\u00e1s 3.380 metros cuadrados\u00a0de espacio p\u00fablico alrededor de esta instituci\u00f3n educativa, insignia de la\u00a0Comuna 13. Con una inversi\u00f3n que asciende a los\u00a0$ 1.377 millones\u00a0avanza la restauraci\u00f3n de este [&hellip;]<\/p>\n","protected":false},"author":1,"featured_media":18136,"comment_status":"open","ping_status":"open","sticky":false,"template":"","format":"standard","meta":{"_bbp_topic_count":0,"_bbp_reply_count":0,"_bbp_total_topic_count":0,"_bbp_total_reply_count":0,"_bbp_voice_count":0,"_bbp_anonymous_reply_count":0,"_bbp_topic_count_hidden":0,"_bbp_reply_count_hidden":0,"_bbp_forum_subforum_count":0,"footnotes":""},"categories":[1],"tags":[],"_links":{"self":[{"href":"https:\/\/www.seb.gov.co\/index.php\/wp-json\/wp\/v2\/posts\/18133"}],"collection":[{"href":"https:\/\/www.seb.gov.co\/index.php\/wp-json\/wp\/v2\/posts"}],"about":[{"href":"https:\/\/www.seb.gov.co\/index.php\/wp-json\/wp\/v2\/types\/post"}],"author":[{"embeddable":true,"href":"https:\/\/www.seb.gov.co\/index.php\/wp-json\/wp\/v2\/users\/1"}],"replies":[{"embeddable":true,"href":"https:\/\/www.seb.gov.co\/index.php\/wp-json\/wp\/v2\/comments?post=18133"}],"version-history":[{"count":1,"href":"https:\/\/www.seb.gov.co\/index.php\/wp-json\/wp\/v2\/posts\/18133\/revisions"}],"predecessor-version":[{"id":18137,"href":"https:\/\/www.seb.gov.co\/index.php\/wp-json\/wp\/v2\/posts\/18133\/revisions\/18137"}],"wp:featuredmedia":[{"embeddable":true,"href":"https:\/\/www.seb.gov.co\/index.php\/wp-json\/wp\/v2\/media\/18136"}],"wp:attachment":[{"href":"https:\/\/www.seb.gov.co\/index.php\/wp-json\/wp\/v2\/media?parent=18133"}],"wp:term":[{"taxonomy":"category","embeddable":true,"href":"https:\/\/www.seb.gov.co\/index.php\/wp-json\/wp\/v2\/categories?post=18133"},{"taxonomy":"post_tag","embeddable":true,"href":"https:\/\/www.seb.gov.co\/index.php\/wp-json\/wp\/v2\/tags?post=18133"}],"curies":[{"name":"wp","href":"https:\/\/api.w.org\/{rel}","templated":true}]}}