{"id":18081,"date":"2022-04-22T13:54:57","date_gmt":"2022-04-22T13:54:57","guid":{"rendered":"https:\/\/www.seb.gov.co\/?p=18081"},"modified":"2022-05-23T13:55:42","modified_gmt":"2022-05-23T13:55:42","slug":"inicio-la-remodelacion-de-la-cancha-del-colegio-aurelio-martinez-mutis-sede-b","status":"publish","type":"post","link":"https:\/\/www.seb.gov.co\/index.php\/2022\/04\/22\/inicio-la-remodelacion-de-la-cancha-del-colegio-aurelio-martinez-mutis-sede-b\/","title":{"rendered":"Inici\u00f3 la remodelaci\u00f3n de la cancha del Colegio Aurelio Mart\u00ednez Mutis sede B"},"content":{"rendered":"<p><strong>El proyecto beneficiar\u00e1 a 387 estudiantes. Estas obras se esperan entregar en septiembre del presente a\u00f1o.<\/strong><\/p>\n<p>Con una inversi\u00f3n que asciende a los $444 millones, correspondiente al rubro de Acuerdos Participativos de la Comuna 6 de Bucaramanga, el Gobierno del alcalde Juan Carlos C\u00e1rdenas Rey, dio inicio a la remodelaci\u00f3n de la cancha deportiva y la zona de congregaci\u00f3n de los estudiantes del colegio Aurelio Mart\u00ednez Mutis sede B.<\/p>\n<p>Ser\u00e1n 387 ni\u00f1os y ni\u00f1as de primaria y preescolar quienes disfrutar\u00e1n de espacios dignos a favor de su formaci\u00f3n y el desarrollo de habilidades, por lo que la empresa contratista, llamada Uniobras 2022, espera entregar este proyecto en los pr\u00f3ximos seis meses. Es decir, a finales de septiembre del presente a\u00f1o.<\/p>\n<p><strong><a role=\"link\" href=\"https:\/\/www.bucaramanga.gov.co\/noticias\/estudiantes-del-colegio-comuneros-estrenaron-moderna-biblioteca\/\">Lea m\u00e1s: Estudiantes del Colegio Comuneros estrenaron moderna biblioteca<\/a><\/strong><\/p>\n<p>M\u00f3nica Liliana Quintero, ingeniera residente de la obra, se\u00f1al\u00f3 que \u201cestos trabajos le est\u00e1n cambiando la cara al colegio. Muchas zonas estaban en total deterioro y as\u00ed como se va a remodelar la cancha, tambi\u00e9n se mejorar\u00e1n las zonas verdes, la grader\u00eda y se har\u00e1n trabajos de pintura\u201d.<\/p>\n<figure class=\"wp-block-gallery columns-2 is-cropped\">\n<ul class=\"blocks-gallery-grid\">\n<li class=\"blocks-gallery-item\">\n<figure><img decoding=\"async\" loading=\"lazy\" class=\"wp-image-135921\" src=\"https:\/\/www.bucaramanga.gov.co\/wp-content\/uploads\/2022\/04\/f2e120fd-73bc-470c-b33e-db585032c6c8-1.jpg\" sizes=\"(min-width: 0px) and (max-width: 480px) 480px, (min-width: 481px) and (max-width: 980px) 980px, (min-width: 981px) 1024px, 100vw\" srcset=\"https:\/\/www.bucaramanga.gov.co\/wp-content\/uploads\/2022\/04\/f2e120fd-73bc-470c-b33e-db585032c6c8-1.jpg 1024w, https:\/\/www.bucaramanga.gov.co\/wp-content\/uploads\/2022\/04\/f2e120fd-73bc-470c-b33e-db585032c6c8-1-980x735.jpg 980w, https:\/\/www.bucaramanga.gov.co\/wp-content\/uploads\/2022\/04\/f2e120fd-73bc-470c-b33e-db585032c6c8-1-480x360.jpg 480w\" alt=\"\" width=\"1024\" height=\"768\" data-id=\"135921\" data-link=\"https:\/\/www.bucaramanga.gov.co\/?attachment_id=135921\" \/><\/figure>\n<\/li>\n<li class=\"blocks-gallery-item\">\n<figure><img decoding=\"async\" loading=\"lazy\" class=\"wp-image-135926\" src=\"https:\/\/www.bucaramanga.gov.co\/wp-content\/uploads\/2022\/04\/bbcc76a0-fbd9-4e76-adf2-8aff28fc809e.jpg\" sizes=\"(min-width: 0px) and (max-width: 480px) 480px, (min-width: 481px) and (max-width: 980px) 980px, (min-width: 981px) 1024px, 100vw\" srcset=\"https:\/\/www.bucaramanga.gov.co\/wp-content\/uploads\/2022\/04\/bbcc76a0-fbd9-4e76-adf2-8aff28fc809e.jpg 1024w, https:\/\/www.bucaramanga.gov.co\/wp-content\/uploads\/2022\/04\/bbcc76a0-fbd9-4e76-adf2-8aff28fc809e-980x735.jpg 980w, https:\/\/www.bucaramanga.gov.co\/wp-content\/uploads\/2022\/04\/bbcc76a0-fbd9-4e76-adf2-8aff28fc809e-480x360.jpg 480w\" alt=\"\" width=\"1024\" height=\"768\" data-id=\"135926\" data-full-url=\"https:\/\/www.bucaramanga.gov.co\/wp-content\/uploads\/2022\/04\/bbcc76a0-fbd9-4e76-adf2-8aff28fc809e.jpg\" data-link=\"https:\/\/www.bucaramanga.gov.co\/?attachment_id=135926\" \/><\/figure>\n<\/li>\n<\/ul>\n<\/figure>\n<p>Tras el inicio de los trabajos, el coordinador del colegio, Marco Aurelio Berm\u00fadez Hern\u00e1ndez, \u00a0indic\u00f3 que \u201clo que se va a ser, ser\u00e1 un espacio de sano esparcimiento para todos los estudiantes, pues la cancha ya presentaba un desgaste muy notorio. Era una obra esperada por m\u00e1s de 10 a\u00f1os\u201d.<\/p>\n<p>En esta instituci\u00f3n educativa la Administraci\u00f3n Municipal ha realizado otras obras como: la adecuaci\u00f3n a las bater\u00edas sanitarias y la intervenci\u00f3n en la zona de la cocina.<\/p>\n<p>Es de mencionar que del total de los estudiantes, 224 menores son beneficiarios del Programa de Alimentaci\u00f3n Escolar PAE.<\/p>\n<p>\u00a1Seguimos apost\u00e1ndole a la infraestructura educativa del municipio, porque con la educaci\u00f3n estamos construyendo los verdaderos puentes del futuro!<\/p>\n<ul class=\"kiwi-article-bar rect kiwi-article-bar-center \" data-tracking=\"true\" data-tracking-container=\"article-bar\">\n<li><\/li>\n<\/ul>\n","protected":false},"excerpt":{"rendered":"<p>El proyecto beneficiar\u00e1 a 387 estudiantes. Estas obras se esperan entregar en septiembre del presente a\u00f1o. Con una inversi\u00f3n que asciende a los $444 millones, correspondiente al rubro de Acuerdos Participativos de la Comuna 6 de Bucaramanga, el Gobierno del alcalde Juan Carlos C\u00e1rdenas Rey, dio inicio a la remodelaci\u00f3n de la cancha deportiva y [&hellip;]<\/p>\n","protected":false},"author":1,"featured_media":18082,"comment_status":"open","ping_status":"open","sticky":false,"template":"","format":"standard","meta":{"_bbp_topic_count":0,"_bbp_reply_count":0,"_bbp_total_topic_count":0,"_bbp_total_reply_count":0,"_bbp_voice_count":0,"_bbp_anonymous_reply_count":0,"_bbp_topic_count_hidden":0,"_bbp_reply_count_hidden":0,"_bbp_forum_subforum_count":0,"footnotes":""},"categories":[1],"tags":[],"_links":{"self":[{"href":"https:\/\/www.seb.gov.co\/index.php\/wp-json\/wp\/v2\/posts\/18081"}],"collection":[{"href":"https:\/\/www.seb.gov.co\/index.php\/wp-json\/wp\/v2\/posts"}],"about":[{"href":"https:\/\/www.seb.gov.co\/index.php\/wp-json\/wp\/v2\/types\/post"}],"author":[{"embeddable":true,"href":"https:\/\/www.seb.gov.co\/index.php\/wp-json\/wp\/v2\/users\/1"}],"replies":[{"embeddable":true,"href":"https:\/\/www.seb.gov.co\/index.php\/wp-json\/wp\/v2\/comments?post=18081"}],"version-history":[{"count":1,"href":"https:\/\/www.seb.gov.co\/index.php\/wp-json\/wp\/v2\/posts\/18081\/revisions"}],"predecessor-version":[{"id":18083,"href":"https:\/\/www.seb.gov.co\/index.php\/wp-json\/wp\/v2\/posts\/18081\/revisions\/18083"}],"wp:featuredmedia":[{"embeddable":true,"href":"https:\/\/www.seb.gov.co\/index.php\/wp-json\/wp\/v2\/media\/18082"}],"wp:attachment":[{"href":"https:\/\/www.seb.gov.co\/index.php\/wp-json\/wp\/v2\/media?parent=18081"}],"wp:term":[{"taxonomy":"category","embeddable":true,"href":"https:\/\/www.seb.gov.co\/index.php\/wp-json\/wp\/v2\/categories?post=18081"},{"taxonomy":"post_tag","embeddable":true,"href":"https:\/\/www.seb.gov.co\/index.php\/wp-json\/wp\/v2\/tags?post=18081"}],"curies":[{"name":"wp","href":"https:\/\/api.w.org\/{rel}","templated":true}]}}