{"id":18075,"date":"2022-04-21T14:07:36","date_gmt":"2022-04-21T14:07:36","guid":{"rendered":"https:\/\/www.seb.gov.co\/?p=18075"},"modified":"2022-05-09T16:40:13","modified_gmt":"2022-05-09T16:40:13","slug":"estudiantes-del-colegio-comuneros-estrenaron-moderna-biblioteca","status":"publish","type":"post","link":"https:\/\/www.seb.gov.co\/index.php\/2022\/04\/21\/estudiantes-del-colegio-comuneros-estrenaron-moderna-biblioteca\/","title":{"rendered":"Estudiantes del Colegio Comuneros estrenaron moderna biblioteca"},"content":{"rendered":"<p><strong>1.050 estudiantes del colegio Comuneros se benefician con la biblioteca entregada por la Fundaci\u00f3n Terpel. Una alianza p\u00fablico privada con la Alcald\u00eda de Bucaramanga, a trav\u00e9s de la Secretar\u00eda de Educaci\u00f3n, que busca fortalecer la formaci\u00f3n educativa de j\u00f3venes en la ciudad.<\/strong><\/p>\n<p>Una biblioteca que contiene m\u00e1s de 1.200 libros literarios y did\u00e1cticos empezaron a disfrutar 1.050 ni\u00f1os y j\u00f3venes de la Instituci\u00f3n Educativa Comuneros. Para recibir la biblioteca, el colegio particip\u00f3 en un concurso con la propuesta \u2018bicoca\u2019 en el que demostr\u00f3 la importancia de tener un espacio para la lectura.<\/p>\n<p>En la biblioteca los estudiantes de preescolar, primaria y secundaria encontrar\u00e1n novelas, cuentos, ensayos, poemas y libros informativos.<\/p>\n<p>\u00abEstamos apost\u00e1ndole a la educaci\u00f3n p\u00fablica de calidad, porque la educaci\u00f3n es el futuro, son los verdaderos puentes para el futuro. Esta alianza p\u00fablico \u2013 privada nos permite crear m\u00e1s oportunidades para nuestros, ni\u00f1as y j\u00f3venes\u00bb, se\u00f1al\u00f3 Juan Carlos C\u00e1rdenas, alcalde de Bucaramanga.<\/p>\n<p>Adem\u00e1s de la entrega de la colecci\u00f3n de m\u00e1s de 1.200 libros literarios, se acompa\u00f1ar\u00e1 a los docentes de este colegio por un periodo de tres a\u00f1os, para fortalecer la pedagog\u00eda.<\/p>\n<p>Marcela Montoya, directora ejecutiva de la Fundaci\u00f3n Terpel destac\u00f3 la alianza p\u00fablico privada con la Alcald\u00eda de Bucaramanga con el programa\u00a0<strong>Escuelas que Aprenden<\/strong>. \u201cEste nuevo espacio impulsar\u00e1 el desarrollo de habilidades comunitarias y el pensamiento cr\u00edtico de los estudiantes\u201d, sostuvo.<\/p>\n<figure class=\"wp-block-image size-full\"><img decoding=\"async\" loading=\"lazy\" class=\"wp-image-135680\" src=\"https:\/\/www.bucaramanga.gov.co\/wp-content\/uploads\/2022\/04\/biblioteca-comuneros.jpg\" sizes=\"(min-width: 0px) and (max-width: 480px) 480px, (min-width: 481px) 550px, 100vw\" srcset=\"https:\/\/www.bucaramanga.gov.co\/wp-content\/uploads\/2022\/04\/biblioteca-comuneros.jpg 550w, https:\/\/www.bucaramanga.gov.co\/wp-content\/uploads\/2022\/04\/biblioteca-comuneros-480x262.jpg 480w\" alt=\"\" width=\"550\" height=\"300\" \/><figcaption>Fotograf\u00eda: Prensa Alcald\u00eda Bucaramanga<\/figcaption><\/figure>\n<p>Es de mencionar que, con la presencia de directivos de la organizaci\u00f3n Terpel, se hizo el lanzamiento del programa \u2018L\u00edder en M\u00ed\u2019, en el que participar\u00e1n 11 colegios oficiales.<\/p>\n<p>El dato: desde el a\u00f1o 2017 la Fundaci\u00f3n Terpel mantiene una alianza con la Secretar\u00eda de Educaci\u00f3n del Municipio para formar docentes y crear ambientes pedag\u00f3gicos y comunitarios.<\/p>\n<p>&nbsp;<\/p>\n","protected":false},"excerpt":{"rendered":"<p>1.050 estudiantes del colegio Comuneros se benefician con la biblioteca entregada por la Fundaci\u00f3n Terpel. Una alianza p\u00fablico privada con la Alcald\u00eda de Bucaramanga, a trav\u00e9s de la Secretar\u00eda de Educaci\u00f3n, que busca fortalecer la formaci\u00f3n educativa de j\u00f3venes en la ciudad. Una biblioteca que contiene m\u00e1s de 1.200 libros literarios y did\u00e1cticos empezaron a [&hellip;]<\/p>\n","protected":false},"author":1,"featured_media":18076,"comment_status":"open","ping_status":"open","sticky":false,"template":"","format":"standard","meta":{"_bbp_topic_count":0,"_bbp_reply_count":0,"_bbp_total_topic_count":0,"_bbp_total_reply_count":0,"_bbp_voice_count":0,"_bbp_anonymous_reply_count":0,"_bbp_topic_count_hidden":0,"_bbp_reply_count_hidden":0,"_bbp_forum_subforum_count":0,"footnotes":""},"categories":[1],"tags":[],"_links":{"self":[{"href":"https:\/\/www.seb.gov.co\/index.php\/wp-json\/wp\/v2\/posts\/18075"}],"collection":[{"href":"https:\/\/www.seb.gov.co\/index.php\/wp-json\/wp\/v2\/posts"}],"about":[{"href":"https:\/\/www.seb.gov.co\/index.php\/wp-json\/wp\/v2\/types\/post"}],"author":[{"embeddable":true,"href":"https:\/\/www.seb.gov.co\/index.php\/wp-json\/wp\/v2\/users\/1"}],"replies":[{"embeddable":true,"href":"https:\/\/www.seb.gov.co\/index.php\/wp-json\/wp\/v2\/comments?post=18075"}],"version-history":[{"count":3,"href":"https:\/\/www.seb.gov.co\/index.php\/wp-json\/wp\/v2\/posts\/18075\/revisions"}],"predecessor-version":[{"id":18079,"href":"https:\/\/www.seb.gov.co\/index.php\/wp-json\/wp\/v2\/posts\/18075\/revisions\/18079"}],"wp:featuredmedia":[{"embeddable":true,"href":"https:\/\/www.seb.gov.co\/index.php\/wp-json\/wp\/v2\/media\/18076"}],"wp:attachment":[{"href":"https:\/\/www.seb.gov.co\/index.php\/wp-json\/wp\/v2\/media?parent=18075"}],"wp:term":[{"taxonomy":"category","embeddable":true,"href":"https:\/\/www.seb.gov.co\/index.php\/wp-json\/wp\/v2\/categories?post=18075"},{"taxonomy":"post_tag","embeddable":true,"href":"https:\/\/www.seb.gov.co\/index.php\/wp-json\/wp\/v2\/tags?post=18075"}],"curies":[{"name":"wp","href":"https:\/\/api.w.org\/{rel}","templated":true}]}}