{"id":18061,"date":"2022-04-19T18:39:45","date_gmt":"2022-04-19T18:39:45","guid":{"rendered":"https:\/\/www.seb.gov.co\/?p=18061"},"modified":"2022-05-09T16:39:08","modified_gmt":"2022-05-09T16:39:08","slug":"en-mayo-finalizara-la-transformacion-de-dos-sedes-educativas-rurales-de-bucaramanga","status":"publish","type":"post","link":"https:\/\/www.seb.gov.co\/index.php\/2022\/04\/19\/en-mayo-finalizara-la-transformacion-de-dos-sedes-educativas-rurales-de-bucaramanga\/","title":{"rendered":"En mayo finalizar\u00e1 la transformaci\u00f3n de dos sedes educativas rurales de Bucaramanga"},"content":{"rendered":"<p><strong>El Gobierno del alcalde Juan Carlos C\u00e1rdenas sigue saldando deudas hist\u00f3ricas. En mayo pr\u00f3ximo la Administraci\u00f3n Municipal espera entregar la transformaci\u00f3n de la sede G de la vereda San Pedro Bajo y la Sede Educativa El Inicio.<\/strong><\/p>\n<p>Ante los l\u00edderes de los sectores el Inicio y San Pedro Bajo fueron socializadas las obras de las sedes Rural Vijagual, sedes G e I. En este encuentro las firmas contratistas que adelantan las labores de remodelaci\u00f3n entregaron los informes del avance de estos proyectos.<\/p>\n<p>Las obras que se realizan en la\u00a0<strong>sede el Inicio<\/strong>\u00a0presentan un\u00a0<strong>avance del 53%,<\/strong>\u00a0y la firma contratista Universal SEC S.A.S. espera entregarla en el mes de mayo.\u00a0La inversi\u00f3n que realiz\u00f3 el municipio asciende a los $ 1.144 millones.<\/p>\n<p>Leer m\u00e1s:\u00a0<a role=\"link\" href=\"https:\/\/www.bucaramanga.gov.co\/noticias\/en-un-91-avanza-la-modernizacion-del-alumbrado-de-la-via-la-cemento-a-colorados\/\">En un 91% avanza la modernizaci\u00f3n del alumbrado de la v\u00eda La Cemento a Colorados<\/a><\/p>\n<p>Los trabajos que se adelantan en la sede rural Vijagual sede G, vereda San Pedro Bajo, presentan un avance del 43%; y se esperan entregar a finales del mes de mayo del presente a\u00f1o. La inversi\u00f3n en este proyecto asciende a los $ 717 millones.<\/p>\n<p>\u00abEstamos haciendo una inversi\u00f3n hist\u00f3rica en infraestructura educativa porque la educaci\u00f3n nos garantiza un mejor futuro. Estamos construyendo verdaderos puentes para el futuro\u00bb, indic\u00f3 Juan Carlos C\u00e1rdenas, alcalde de la capital santandereana.<\/p>\n<p>Es de anotar que los dos proyectos de infraestructura benefician a cerca de 100 estudiantes de este sector rural de la capital santandereana.<\/p>\n<figure class=\"wp-block-image size-full\"><img decoding=\"async\" loading=\"lazy\" class=\"wp-image-133666\" src=\"https:\/\/www.bucaramanga.gov.co\/wp-content\/uploads\/2022\/03\/SEDE-G-SAN-PEDRO-BAJO-1-ok.jpg\" sizes=\"(min-width: 0px) and (max-width: 480px) 480px, (min-width: 481px) 550px, 100vw\" srcset=\"https:\/\/www.bucaramanga.gov.co\/wp-content\/uploads\/2022\/03\/SEDE-G-SAN-PEDRO-BAJO-1-ok.jpg 550w, https:\/\/www.bucaramanga.gov.co\/wp-content\/uploads\/2022\/03\/SEDE-G-SAN-PEDRO-BAJO-1-ok-480x262.jpg 480w\" alt=\"\" width=\"550\" height=\"300\" \/><figcaption>fotograf\u00eda: suministrada\/prensa Alcald\u00eda de Bucaramanga<\/figcaption><\/figure>\n<p>Lo anterior, hace parte de un ambicioso plan de acci\u00f3n de recuperaci\u00f3n de colegios oficiales por parte del gobierno del alcalde Juan Carlos C\u00e1rdenas.<\/p>\n<p>Roque oliveros, supervisor de la Secretar\u00eda de Infraestructura manifest\u00f3 que las comunidades est\u00e1n satisfechas por las adecuaciones que nunca se hab\u00edan contemplado en esta zona rural. \u201cVan a ser obras con un reto arquitect\u00f3nico muy interesante que fortalecer\u00e1 las actividades pedag\u00f3gicas de los alumnos\u201d, sostuvo Oliveros.<\/p>\n<p>\u00a1Con transparencia le seguimos apostando por la educaci\u00f3n de los ni\u00f1os y ni\u00f1as!<\/p>\n","protected":false},"excerpt":{"rendered":"<p>El Gobierno del alcalde Juan Carlos C\u00e1rdenas sigue saldando deudas hist\u00f3ricas. En mayo pr\u00f3ximo la Administraci\u00f3n Municipal espera entregar la transformaci\u00f3n de la sede G de la vereda San Pedro Bajo y la Sede Educativa El Inicio. Ante los l\u00edderes de los sectores el Inicio y San Pedro Bajo fueron socializadas las obras de las [&hellip;]<\/p>\n","protected":false},"author":1,"featured_media":18062,"comment_status":"open","ping_status":"open","sticky":false,"template":"","format":"standard","meta":{"_bbp_topic_count":0,"_bbp_reply_count":0,"_bbp_total_topic_count":0,"_bbp_total_reply_count":0,"_bbp_voice_count":0,"_bbp_anonymous_reply_count":0,"_bbp_topic_count_hidden":0,"_bbp_reply_count_hidden":0,"_bbp_forum_subforum_count":0,"footnotes":""},"categories":[1],"tags":[],"_links":{"self":[{"href":"https:\/\/www.seb.gov.co\/index.php\/wp-json\/wp\/v2\/posts\/18061"}],"collection":[{"href":"https:\/\/www.seb.gov.co\/index.php\/wp-json\/wp\/v2\/posts"}],"about":[{"href":"https:\/\/www.seb.gov.co\/index.php\/wp-json\/wp\/v2\/types\/post"}],"author":[{"embeddable":true,"href":"https:\/\/www.seb.gov.co\/index.php\/wp-json\/wp\/v2\/users\/1"}],"replies":[{"embeddable":true,"href":"https:\/\/www.seb.gov.co\/index.php\/wp-json\/wp\/v2\/comments?post=18061"}],"version-history":[{"count":1,"href":"https:\/\/www.seb.gov.co\/index.php\/wp-json\/wp\/v2\/posts\/18061\/revisions"}],"predecessor-version":[{"id":18063,"href":"https:\/\/www.seb.gov.co\/index.php\/wp-json\/wp\/v2\/posts\/18061\/revisions\/18063"}],"wp:featuredmedia":[{"embeddable":true,"href":"https:\/\/www.seb.gov.co\/index.php\/wp-json\/wp\/v2\/media\/18062"}],"wp:attachment":[{"href":"https:\/\/www.seb.gov.co\/index.php\/wp-json\/wp\/v2\/media?parent=18061"}],"wp:term":[{"taxonomy":"category","embeddable":true,"href":"https:\/\/www.seb.gov.co\/index.php\/wp-json\/wp\/v2\/categories?post=18061"},{"taxonomy":"post_tag","embeddable":true,"href":"https:\/\/www.seb.gov.co\/index.php\/wp-json\/wp\/v2\/tags?post=18061"}],"curies":[{"name":"wp","href":"https:\/\/api.w.org\/{rel}","templated":true}]}}