{"id":18050,"date":"2022-04-18T12:46:35","date_gmt":"2022-04-18T12:46:35","guid":{"rendered":"https:\/\/www.seb.gov.co\/?p=18050"},"modified":"2022-05-09T16:38:52","modified_gmt":"2022-05-09T16:38:52","slug":"conozca-como-avanzan-las-obras-de-construccion-en-la-camacho-carreno","status":"publish","type":"post","link":"https:\/\/www.seb.gov.co\/index.php\/2022\/04\/18\/conozca-como-avanzan-las-obras-de-construccion-en-la-camacho-carreno\/","title":{"rendered":"Conozca c\u00f3mo avanzan las obras de construcci\u00f3n en la Camacho Carre\u00f1o"},"content":{"rendered":"<p><strong>Los trabajos se adelantan en los bloques uno y cuatro. El plazo establecido para finalizar la obra es de 13 meses.<\/strong><\/p>\n<p>Sin contratiempos y cumpliendo el cronograma trazado, avanza la construcci\u00f3n del colegio oficial Camacho Carre\u00f1o de Bucaramanga. En el lote en donde se construye esta instituci\u00f3n, 35 obreros ejecutan actividades en el bloque uno y cuatro.<\/p>\n<p>En el bloque uno, el trabajo avanza en las cubiertas y columnas; mientras que en el bloque cuatro avanza en la planta baja, redes sanitarias y en el tanque de almacenamiento.<\/p>\n<p>\u00abEste colegio beneficiar\u00e1 a 880 estudiantes de nuestra ciudad. Esperamos que esta obra est\u00e9 lista el pr\u00f3ximo a\u00f1o. Seguimos trabajando por una educaci\u00f3n digna y de calidad para nuestros ni\u00f1os, ni\u00f1as y j\u00f3venes\u00bb, se\u00f1al\u00f3 Juan Carlos C\u00e1rdenas, alcalde de la capital santandereana.<\/p>\n<p>Es de resaltar que el reinicio de esta obra se realiz\u00f3 a principios del 2022. El proyecto contempla la construcci\u00f3n de 26 aulas nuevas, biblioteca, aula de biling\u00fcismo, laboratorio integrado, aula de tecnolog\u00eda, innovaci\u00f3n y multimedia, comedor escolar, cocina, \u00e1rea administrativa, 39 bater\u00edas sanitarias y zonas recreativas.<\/p>\n<p>Wilmer Jaimes, ingeniero residente de la obra asegur\u00f3 que se cuenta con suficiente acero, l\u00e1minas, mallas y vigas para cumplir con las actividades. \u201cSe tiene previsto la fundida de las columnas del bloque uno, el segundo piso y la placa del tanque\u201d, sostuvo.<\/p>\n<p><img decoding=\"async\" loading=\"lazy\" class=\"wp-image-134219\" src=\"https:\/\/www.bucaramanga.gov.co\/wp-content\/uploads\/2022\/04\/camacho-carreno-obra.jpg\" sizes=\"(min-width: 0px) and (max-width: 480px) 480px, (min-width: 481px) 550px, 100vw\" srcset=\"https:\/\/www.bucaramanga.gov.co\/wp-content\/uploads\/2022\/04\/camacho-carreno-obra.jpg 550w, https:\/\/www.bucaramanga.gov.co\/wp-content\/uploads\/2022\/04\/camacho-carreno-obra-480x262.jpg 480w\" alt=\"\" width=\"550\" height=\"300\" \/><\/p>\n<figure class=\"wp-block-image size-full\"><figcaption>fotograf\u00eda: Diego Calder\u00f3n\/prensa alcald\u00eda de Bucaramanga<\/figcaption><\/figure>\n<p>En cuanto al bloque dos y tres de la obras, se realizan ajustes t\u00e9cnicos. Los ajustes de los dise\u00f1os se trabajan conjuntamente con la interventor\u00eda y el Fondo de Financiamiento de la Infraestructura Educativa, FFIE.<\/p>\n<p>Seguiremos realizando veedur\u00eda para que se cumpla la ejecuci\u00f3n de esta obra en los tiempos establecidos.<\/p>\n<p>\u00a1Gobernar es Hacer!<\/p>\n","protected":false},"excerpt":{"rendered":"<p>Los trabajos se adelantan en los bloques uno y cuatro. El plazo establecido para finalizar la obra es de 13 meses. Sin contratiempos y cumpliendo el cronograma trazado, avanza la construcci\u00f3n del colegio oficial Camacho Carre\u00f1o de Bucaramanga. En el lote en donde se construye esta instituci\u00f3n, 35 obreros ejecutan actividades en el bloque uno [&hellip;]<\/p>\n","protected":false},"author":1,"featured_media":18051,"comment_status":"open","ping_status":"open","sticky":false,"template":"","format":"standard","meta":{"_bbp_topic_count":0,"_bbp_reply_count":0,"_bbp_total_topic_count":0,"_bbp_total_reply_count":0,"_bbp_voice_count":0,"_bbp_anonymous_reply_count":0,"_bbp_topic_count_hidden":0,"_bbp_reply_count_hidden":0,"_bbp_forum_subforum_count":0,"footnotes":""},"categories":[1],"tags":[],"_links":{"self":[{"href":"https:\/\/www.seb.gov.co\/index.php\/wp-json\/wp\/v2\/posts\/18050"}],"collection":[{"href":"https:\/\/www.seb.gov.co\/index.php\/wp-json\/wp\/v2\/posts"}],"about":[{"href":"https:\/\/www.seb.gov.co\/index.php\/wp-json\/wp\/v2\/types\/post"}],"author":[{"embeddable":true,"href":"https:\/\/www.seb.gov.co\/index.php\/wp-json\/wp\/v2\/users\/1"}],"replies":[{"embeddable":true,"href":"https:\/\/www.seb.gov.co\/index.php\/wp-json\/wp\/v2\/comments?post=18050"}],"version-history":[{"count":4,"href":"https:\/\/www.seb.gov.co\/index.php\/wp-json\/wp\/v2\/posts\/18050\/revisions"}],"predecessor-version":[{"id":18057,"href":"https:\/\/www.seb.gov.co\/index.php\/wp-json\/wp\/v2\/posts\/18050\/revisions\/18057"}],"wp:featuredmedia":[{"embeddable":true,"href":"https:\/\/www.seb.gov.co\/index.php\/wp-json\/wp\/v2\/media\/18051"}],"wp:attachment":[{"href":"https:\/\/www.seb.gov.co\/index.php\/wp-json\/wp\/v2\/media?parent=18050"}],"wp:term":[{"taxonomy":"category","embeddable":true,"href":"https:\/\/www.seb.gov.co\/index.php\/wp-json\/wp\/v2\/categories?post=18050"},{"taxonomy":"post_tag","embeddable":true,"href":"https:\/\/www.seb.gov.co\/index.php\/wp-json\/wp\/v2\/tags?post=18050"}],"curies":[{"name":"wp","href":"https:\/\/api.w.org\/{rel}","templated":true}]}}