{"id":17510,"date":"2022-01-26T21:14:26","date_gmt":"2022-01-26T21:14:26","guid":{"rendered":"https:\/\/www.seb.gov.co\/?p=17510"},"modified":"2022-03-29T13:09:38","modified_gmt":"2022-03-29T13:09:38","slug":"estos-son-los-puntos-de-vacunacion-para-hoy-26-de-enero-en-colegios","status":"publish","type":"post","link":"https:\/\/www.seb.gov.co\/index.php\/2022\/01\/26\/estos-son-los-puntos-de-vacunacion-para-hoy-26-de-enero-en-colegios\/","title":{"rendered":"Estos son los puntos de vacunaci\u00f3n para este 26 de enero en colegios"},"content":{"rendered":"<p><strong>La vacuna para estudiantes hasta los 11 a\u00f1os de edad se ha cumplido en 23 instituciones educativas oficiales de la ciudad.<\/strong><\/p>\n<p>El biol\u00f3gico para proteger a m\u00e1s personas contra el Covid-19 contin\u00faa llegando a los colegios de la ciudad.<\/p>\n<p>El alcalde de Bucaramanga, Juan Carlos C\u00e1rdenas promueve en los colegios la vacunaci\u00f3n para estudiantes para consolidar espacios seguros para la educaci\u00f3n.<\/p>\n<p>En 23 sedes educativas, los estudiantes han recibido el biol\u00f3gico de Moderna; asimismo, se aplica segunda dosis de Pfizer, para la poblaci\u00f3n que lo solicite.<\/p>\n<p><strong>Colegios y horarios<\/strong><\/p>\n<figure class=\"wp-block-table\">\n<table>\n<tbody>\n<tr>\n<td><strong>COLEGIO<\/strong><\/td>\n<td><strong>DIRECCI\u00d3N<\/strong><\/td>\n<td><strong>HORARIO<\/strong><\/td>\n<\/tr>\n<tr>\n<td>INEM<\/td>\n<td>Cra 19A #104-56 Provenza<\/td>\n<td>8:00 a.m.<\/td>\n<\/tr>\n<tr>\n<td>Instituto Club Uni\u00f3n<\/td>\n<td>Sede A y B calle 3 A 10-36<\/td>\n<td>8:00 a.m.<\/td>\n<\/tr>\n<tr>\n<td>Promoci\u00f3n Social del Norte<\/td>\n<td>Cra 22 B 1 N-61<\/td>\n<td>8:00 a.m.<\/td>\n<\/tr>\n<tr>\n<td>Colegio Campohermoso<\/td>\n<td>Cra 9 Occ. # 49-24<\/td>\n<td>7:00 a.m.<\/td>\n<\/tr>\n<tr>\n<td>Club Uni\u00f3n sede C Colorados<\/td>\n<td>Km 7 v\u00eda al mar Colorados<\/td>\n<td>7:00 a.m.<\/td>\n<\/tr>\n<tr>\n<td>IE La Juventud<\/td>\n<td>Calle 5N # 19 A -12 B. La juventud<\/td>\n<td>6:45 a.m.<\/td>\n<\/tr>\n<tr>\n<td>IE Las Am\u00e9ricas<br \/>\nNacional de Comercio<br \/>\nFrancisco de Paula Santander<\/td>\n<td>Calle 34 # 16-19 B. \u00c1lvarez<br \/>\nCalle de Los Estudiantes Ciudadela<br \/>\nCra 5 Occ. # 30-61 B. santander<\/td>\n<td>8:00 a.m.<\/td>\n<\/tr>\n<\/tbody>\n<\/table>\n<\/figure>\n<p>Le apostamos por una Ciudad Inteligente Educada y Transparente. \u00a1Gobernar es Hacer!<\/p>\n","protected":false},"excerpt":{"rendered":"<p>La vacuna para estudiantes hasta los 11 a\u00f1os de edad se ha cumplido en 23 instituciones educativas oficiales de la ciudad. El biol\u00f3gico para proteger a m\u00e1s personas contra el Covid-19 contin\u00faa llegando a los colegios de la ciudad. El alcalde de Bucaramanga, Juan Carlos C\u00e1rdenas promueve en los colegios la vacunaci\u00f3n para estudiantes para [&hellip;]<\/p>\n","protected":false},"author":1,"featured_media":17511,"comment_status":"open","ping_status":"open","sticky":false,"template":"","format":"standard","meta":{"_bbp_topic_count":0,"_bbp_reply_count":0,"_bbp_total_topic_count":0,"_bbp_total_reply_count":0,"_bbp_voice_count":0,"_bbp_anonymous_reply_count":0,"_bbp_topic_count_hidden":0,"_bbp_reply_count_hidden":0,"_bbp_forum_subforum_count":0,"footnotes":""},"categories":[1],"tags":[],"_links":{"self":[{"href":"https:\/\/www.seb.gov.co\/index.php\/wp-json\/wp\/v2\/posts\/17510"}],"collection":[{"href":"https:\/\/www.seb.gov.co\/index.php\/wp-json\/wp\/v2\/posts"}],"about":[{"href":"https:\/\/www.seb.gov.co\/index.php\/wp-json\/wp\/v2\/types\/post"}],"author":[{"embeddable":true,"href":"https:\/\/www.seb.gov.co\/index.php\/wp-json\/wp\/v2\/users\/1"}],"replies":[{"embeddable":true,"href":"https:\/\/www.seb.gov.co\/index.php\/wp-json\/wp\/v2\/comments?post=17510"}],"version-history":[{"count":2,"href":"https:\/\/www.seb.gov.co\/index.php\/wp-json\/wp\/v2\/posts\/17510\/revisions"}],"predecessor-version":[{"id":17530,"href":"https:\/\/www.seb.gov.co\/index.php\/wp-json\/wp\/v2\/posts\/17510\/revisions\/17530"}],"wp:featuredmedia":[{"embeddable":true,"href":"https:\/\/www.seb.gov.co\/index.php\/wp-json\/wp\/v2\/media\/17511"}],"wp:attachment":[{"href":"https:\/\/www.seb.gov.co\/index.php\/wp-json\/wp\/v2\/media?parent=17510"}],"wp:term":[{"taxonomy":"category","embeddable":true,"href":"https:\/\/www.seb.gov.co\/index.php\/wp-json\/wp\/v2\/categories?post=17510"},{"taxonomy":"post_tag","embeddable":true,"href":"https:\/\/www.seb.gov.co\/index.php\/wp-json\/wp\/v2\/tags?post=17510"}],"curies":[{"name":"wp","href":"https:\/\/api.w.org\/{rel}","templated":true}]}}