{"id":17505,"date":"2022-01-25T21:56:26","date_gmt":"2022-01-25T21:56:26","guid":{"rendered":"https:\/\/www.seb.gov.co\/?p=17505"},"modified":"2022-03-29T13:09:34","modified_gmt":"2022-03-29T13:09:34","slug":"listas-las-baterias-sanitarias-los-trabajos-de-energia-electrica-y-mas-en-la-sede-d-de-el-pilar","status":"publish","type":"post","link":"https:\/\/www.seb.gov.co\/index.php\/2022\/01\/25\/listas-las-baterias-sanitarias-los-trabajos-de-energia-electrica-y-mas-en-la-sede-d-de-el-pilar\/","title":{"rendered":"Listas las bater\u00edas sanitarias, los trabajos de energ\u00eda el\u00e9ctrica y m\u00e1s, en la sede D de El Pilar"},"content":{"rendered":"<p><span class=\"css-901oao css-16my406 r-poiln3 r-bcqeeo r-qvutc0\">Culminaron en un 100% los trabajos de mantenimiento en las bater\u00edas sanitarias, la energ\u00eda el\u00e9ctrica, pintura y la apertura de ventanas para mejorar la ventilaci\u00f3n de las aulas en la sede D del colegio El Pilar. <\/span><\/p>\n<p><span class=\"css-901oao css-16my406 r-poiln3 r-bcqeeo r-qvutc0\">En un recorrido realizado por el equipo de la Secretar\u00eda de Educaci\u00f3n de Bucaramanga, se hizo la verificaci\u00f3n de las obras que a hoy favorecen a cerca de 600 estudiantes de grados cero y primaria.\u00a0<\/span><\/p>\n<p>De acuerdo con la rectora de esta instituci\u00f3n educativa, Mar\u00eda del Pilar Jaimes, \u00ablos trabajos se realizaron gracias a recursos de la Alcald\u00eda y desde la cartera educativa en la ciudad para el beneficio de los ni\u00f1os y ni\u00f1as que ya regresaron a la presencialidad\u00bb.<\/p>\n<p>las obras realizadas registraron un valor superior a los 120 millones de pesos. \u00a1Estamos invirtiendo los impuestos de la ciudadan\u00eda en espacios educativos de calidad! Gobernar es Hacer.<\/p>\n","protected":false},"excerpt":{"rendered":"<p>Culminaron en un 100% los trabajos de mantenimiento en las bater\u00edas sanitarias, la energ\u00eda el\u00e9ctrica, pintura y la apertura de ventanas para mejorar la ventilaci\u00f3n de las aulas en la sede D del colegio El Pilar. En un recorrido realizado por el equipo de la Secretar\u00eda de Educaci\u00f3n de Bucaramanga, se hizo la verificaci\u00f3n de [&hellip;]<\/p>\n","protected":false},"author":1,"featured_media":17506,"comment_status":"open","ping_status":"open","sticky":false,"template":"","format":"standard","meta":{"_bbp_topic_count":0,"_bbp_reply_count":0,"_bbp_total_topic_count":0,"_bbp_total_reply_count":0,"_bbp_voice_count":0,"_bbp_anonymous_reply_count":0,"_bbp_topic_count_hidden":0,"_bbp_reply_count_hidden":0,"_bbp_forum_subforum_count":0,"footnotes":""},"categories":[1],"tags":[],"_links":{"self":[{"href":"https:\/\/www.seb.gov.co\/index.php\/wp-json\/wp\/v2\/posts\/17505"}],"collection":[{"href":"https:\/\/www.seb.gov.co\/index.php\/wp-json\/wp\/v2\/posts"}],"about":[{"href":"https:\/\/www.seb.gov.co\/index.php\/wp-json\/wp\/v2\/types\/post"}],"author":[{"embeddable":true,"href":"https:\/\/www.seb.gov.co\/index.php\/wp-json\/wp\/v2\/users\/1"}],"replies":[{"embeddable":true,"href":"https:\/\/www.seb.gov.co\/index.php\/wp-json\/wp\/v2\/comments?post=17505"}],"version-history":[{"count":1,"href":"https:\/\/www.seb.gov.co\/index.php\/wp-json\/wp\/v2\/posts\/17505\/revisions"}],"predecessor-version":[{"id":17507,"href":"https:\/\/www.seb.gov.co\/index.php\/wp-json\/wp\/v2\/posts\/17505\/revisions\/17507"}],"wp:featuredmedia":[{"embeddable":true,"href":"https:\/\/www.seb.gov.co\/index.php\/wp-json\/wp\/v2\/media\/17506"}],"wp:attachment":[{"href":"https:\/\/www.seb.gov.co\/index.php\/wp-json\/wp\/v2\/media?parent=17505"}],"wp:term":[{"taxonomy":"category","embeddable":true,"href":"https:\/\/www.seb.gov.co\/index.php\/wp-json\/wp\/v2\/categories?post=17505"},{"taxonomy":"post_tag","embeddable":true,"href":"https:\/\/www.seb.gov.co\/index.php\/wp-json\/wp\/v2\/tags?post=17505"}],"curies":[{"name":"wp","href":"https:\/\/api.w.org\/{rel}","templated":true}]}}