{"id":17476,"date":"2022-01-24T14:04:21","date_gmt":"2022-01-24T14:04:21","guid":{"rendered":"https:\/\/www.seb.gov.co\/?p=17476"},"modified":"2022-03-29T13:09:24","modified_gmt":"2022-03-29T13:09:24","slug":"en-estos-colegios-se-aplicara-esta-semana-la-vacuna-contra-el-covid-19","status":"publish","type":"post","link":"https:\/\/www.seb.gov.co\/index.php\/2022\/01\/24\/en-estos-colegios-se-aplicara-esta-semana-la-vacuna-contra-el-covid-19\/","title":{"rendered":"En estos colegios se aplicar\u00e1 esta semana la vacuna contra el Covid-19"},"content":{"rendered":"<p><strong>La inmunizaci\u00f3n se realizar\u00e1 con biol\u00f3gicos Sinovac y se proteger\u00e1 la vida de 30 mil estudiantes que tengan de 3 a 11 a\u00f1os de edad.\u00a0<\/strong><\/p>\n<p>La Alcald\u00eda de Bucaramanga, a trav\u00e9s de las Secretar\u00eda de Salud, contin\u00faa con las jornadas de inmunizaci\u00f3n dando prioridad a los estudiantes de las instituciones educativas de Bucaramanga.<\/p>\n<p>Para alcanzar dicho prop\u00f3sito, se tiene previsto utilizar durante estos meses un lote de 15.700 vacunas que fueron entregadas a la Secretar\u00eda de Salud para inmunizar a ni\u00f1os.<\/p>\n<p>Cabe resaltar que los biol\u00f3gicos de Moderna y Pfizer est\u00e1n destinadas a j\u00f3venes de 12 a 17 a\u00f1os de edad y es importante que los padres de familia firmen y conozcan, junto con los rectores de cada instituci\u00f3n, los consentimientos informados para dicha autorizaci\u00f3n.<\/p>\n<h2><strong>Horarios y puestos de vacunaci\u00f3n<\/strong><\/h2>\n<p><strong>lunes 24 de enero<\/strong><\/p>\n<figure class=\"wp-block-table\">\n<table>\n<tbody>\n<tr>\n<td>\u00a0<strong>COLEGIO<\/strong><\/td>\n<td>\u00a0<strong>DIRECCION<\/strong><\/td>\n<td><strong>JORNADA<\/strong><\/td>\n<\/tr>\n<tr>\n<td>Maipor\u00e9 Sede B<\/td>\n<td>Calle 23 N\u00ba 12-58 Kennedy<\/td>\n<td>7:00 a.m. a 3:00 p.m.<\/td>\n<\/tr>\n<tr>\n<td>Normal Superior<\/td>\n<td>Carrera 30N\u00ba 27-167<\/td>\n<td>8:00 a.m. a 2:00 p.m.<\/td>\n<\/tr>\n<tr>\n<td>Maipor\u00e9 sede C<\/td>\n<td>Calle 23 N\u00ba 12-58 Kennedy<\/td>\n<td>7:00 a.m. a 3:00 p.m.<\/td>\n<\/tr>\n<tr>\n<td>I.E Los Colorados<\/td>\n<td>Cra 28 a N\u00ba 49-50<\/td>\n<td>8:00 a.m. a 2:00 p.m.<\/td>\n<\/tr>\n<tr>\n<td>La Consolata<\/td>\n<td>Cra 2AW N\u00ba 61-02<\/td>\n<td>8:00 a.m. a 1:00 p.m.<\/td>\n<\/tr>\n<tr>\n<td>Centro Educativo La Mala\u00f1a<\/td>\n<td>Km 1 v\u00eda Acueducto La Mala\u00f1a<\/td>\n<td>9:00 a.m.<\/td>\n<\/tr>\n<\/tbody>\n<\/table>\n<\/figure>\n<p><strong>Martes 25 de enero<\/strong><\/p>\n<figure class=\"wp-block-table\">\n<table>\n<tbody>\n<tr>\n<td><strong>COLEGIO<\/strong><\/td>\n<td>\u00a0<strong>DIRECCI\u00d3N<\/strong><\/td>\n<td><strong>JORNADA<\/strong><\/td>\n<\/tr>\n<tr>\n<td>Maipor\u00e9 Sede B<\/td>\n<td>Calle 23 N\u00ba 12-58 Kennedy<\/td>\n<td>7:00 a.m. a 3:00 p.m.<\/td>\n<\/tr>\n<tr>\n<td>Club Uni\u00f3n sede E<\/td>\n<td>Cra 5 40 N\u00ba 05<\/td>\n<td>7:30 a.m.<\/td>\n<\/tr>\n<tr>\n<td>Nacional de Comercio<\/td>\n<td>Calle de los Estudiantes<\/td>\n<td>9:00 a.m. a 4:00 p.m.<\/td>\n<\/tr>\n<tr>\n<td>T\u00e9cnico D\u00e1maso Zapata<\/td>\n<td>Calle 11 A N\u00ba 28-45<\/td>\n<td>8:00 a.m. a 2:00 p.m.<\/td>\n<\/tr>\n<tr>\n<td>Piloto Sim\u00f3n Bol\u00edvar<\/td>\n<td>Cra 20 N\u00ba 11-83<\/td>\n<td>8:00 a.m. a 4:00 p.m.<\/td>\n<\/tr>\n<tr>\n<td>IE Polit\u00e9cnico<\/td>\n<td>Calle de los Estudiantes<\/td>\n<td>8:00 a.m.<\/td>\n<\/tr>\n<tr>\n<td>IE Luis Carlos Gal\u00e1n<\/td>\n<td>Calle 59 N\u00ba 38 w-00 barrio. Estoraques<\/td>\n<td>8:00 a.m.<\/td>\n<\/tr>\n<\/tbody>\n<\/table>\n<\/figure>\n<p>En Bucaramanga \u00a1Gobernar es Hacer!<\/p>\n","protected":false},"excerpt":{"rendered":"<p>La inmunizaci\u00f3n se realizar\u00e1 con biol\u00f3gicos Sinovac y se proteger\u00e1 la vida de 30 mil estudiantes que tengan de 3 a 11 a\u00f1os de edad.\u00a0 La Alcald\u00eda de Bucaramanga, a trav\u00e9s de las Secretar\u00eda de Salud, contin\u00faa con las jornadas de inmunizaci\u00f3n dando prioridad a los estudiantes de las instituciones educativas de Bucaramanga. Para alcanzar [&hellip;]<\/p>\n","protected":false},"author":1,"featured_media":17479,"comment_status":"open","ping_status":"open","sticky":false,"template":"","format":"standard","meta":{"_bbp_topic_count":0,"_bbp_reply_count":0,"_bbp_total_topic_count":0,"_bbp_total_reply_count":0,"_bbp_voice_count":0,"_bbp_anonymous_reply_count":0,"_bbp_topic_count_hidden":0,"_bbp_reply_count_hidden":0,"_bbp_forum_subforum_count":0,"footnotes":""},"categories":[1],"tags":[],"_links":{"self":[{"href":"https:\/\/www.seb.gov.co\/index.php\/wp-json\/wp\/v2\/posts\/17476"}],"collection":[{"href":"https:\/\/www.seb.gov.co\/index.php\/wp-json\/wp\/v2\/posts"}],"about":[{"href":"https:\/\/www.seb.gov.co\/index.php\/wp-json\/wp\/v2\/types\/post"}],"author":[{"embeddable":true,"href":"https:\/\/www.seb.gov.co\/index.php\/wp-json\/wp\/v2\/users\/1"}],"replies":[{"embeddable":true,"href":"https:\/\/www.seb.gov.co\/index.php\/wp-json\/wp\/v2\/comments?post=17476"}],"version-history":[{"count":4,"href":"https:\/\/www.seb.gov.co\/index.php\/wp-json\/wp\/v2\/posts\/17476\/revisions"}],"predecessor-version":[{"id":17482,"href":"https:\/\/www.seb.gov.co\/index.php\/wp-json\/wp\/v2\/posts\/17476\/revisions\/17482"}],"wp:featuredmedia":[{"embeddable":true,"href":"https:\/\/www.seb.gov.co\/index.php\/wp-json\/wp\/v2\/media\/17479"}],"wp:attachment":[{"href":"https:\/\/www.seb.gov.co\/index.php\/wp-json\/wp\/v2\/media?parent=17476"}],"wp:term":[{"taxonomy":"category","embeddable":true,"href":"https:\/\/www.seb.gov.co\/index.php\/wp-json\/wp\/v2\/categories?post=17476"},{"taxonomy":"post_tag","embeddable":true,"href":"https:\/\/www.seb.gov.co\/index.php\/wp-json\/wp\/v2\/tags?post=17476"}],"curies":[{"name":"wp","href":"https:\/\/api.w.org\/{rel}","templated":true}]}}