{"id":16885,"date":"2021-09-24T14:24:19","date_gmt":"2021-09-24T14:24:19","guid":{"rendered":"https:\/\/www.seb.gov.co\/?p=16885"},"modified":"2021-11-23T22:04:13","modified_gmt":"2021-11-23T22:04:13","slug":"ffie-se-compromete-a-iniciar-en-diciembre-transformacion-del-colegio-rural-bosconia-santa-rita","status":"publish","type":"post","link":"https:\/\/www.seb.gov.co\/index.php\/2021\/09\/24\/ffie-se-compromete-a-iniciar-en-diciembre-transformacion-del-colegio-rural-bosconia-santa-rita\/","title":{"rendered":"FFIE se compromete a iniciar en diciembre transformaci\u00f3n del colegio rural Bosconia Santa Rita"},"content":{"rendered":"<p>La Alcald\u00eda de Bucaramanga ratific\u00f3 el llamado al Fondo de Financiamiento de Infraestructura Educativa, FFIE, para que oficialice la reasignaci\u00f3n del contratista que se encargar\u00e1 de la transformaci\u00f3n de la instituci\u00f3n educativa.<\/p>\n<p>En reuni\u00f3n que se cumpli\u00f3 en la vereda Santa Rita, con reclamos de la comunidad por el incumplimiento de los contratos, los funcionarios del FFIE concertaron, con los padres de familia, reasignar la obra a un contratista para iniciar la construcci\u00f3n en el mes de diciembre.<\/p>\n<p>Seg\u00fan la representante del FFIE en Santander, Ligeia G\u00f3mez C\u00e1ceres, la obra de construcci\u00f3n de la Instituci\u00f3n Educativa Rural Bosconia Santa Rita se encuentra en el proceso de reasignaci\u00f3n con contratistas que han aceptado la invitaci\u00f3n a participar.<\/p>\n<p>\u201cEstamos en esa verificaci\u00f3n t\u00e9cnica, ya se les envi\u00f3 la minuta del contrato y est\u00e1 en an\u00e1lisis, se proyecta que estemos firmando a finales de octubre\u201d, sostuvo la funcionaria a los asistentes.<\/p>\n<p>Seg\u00fan esta proyecci\u00f3n, se espera finalizar todos los procesos contractuales para empezar obra a principios de diciembre de 2021.<\/p>\n<p>Se estima un tiempo de ejecuci\u00f3n de 8 meses, si no hay contratiempos, para ser entregada en agosto de 2022.<\/p>\n<p>Ana Leonor Rueda, secretaria de Educaci\u00f3n de Bucaramanga, solicit\u00f3 a la directora del FFIE la reasignaci\u00f3n urgente de los cuatro proyectos (San Jos\u00e9 de la Salle -sede C, el Polit\u00e9cnico Sede C, la sede rural Bosconia Santa Rita y la Camacho Carre\u00f1o).<\/p>\n<p><strong><u>Acuerdos con la comunidad<\/u><\/strong><\/p>\n<ul>\n<li>La infraestructura se pone a disposici\u00f3n de la presencialidad en el mes de octubre.<\/li>\n<li>El FFIE estar\u00e1 comunicando la asignaci\u00f3n del contratista en este mes de septiembre e inicio de octubre.<\/li>\n<li>El Taller de Arquitectura de la Alcald\u00eda de Bucaramanga har\u00e1 dise\u00f1os para el espacio deportivo y obras complementarias.<\/li>\n<\/ul>\n<p><strong><u>Voces de la comunidad<\/u><\/strong><\/p>\n<p><strong>Luz Dary D\u00edaz,<\/strong><strong>\u00a0<\/strong><strong>presidenta JAC vereda Santa Rita<\/strong><\/p>\n<ul>\n<li>\u201cEsperamos que los compromisos, que se adquirieron por parte del FFIE, que dicen iniciar la obra en el mes de diciembre, se cumplan.<\/li>\n<\/ul>\n<p><strong>Carlos Alberto Chaparro,<\/strong>\u00a0habitante vereda Santa Rita<\/p>\n<ul>\n<li>\u201cTodav\u00eda no han empezado, pero gracias a Dios hay presupuesto. Esperamos que se cumpla la ejecuci\u00f3n en ocho meses\u201d.<\/li>\n<\/ul>\n<p><strong><u>Datos de la obra<\/u><\/strong><\/p>\n<ul>\n<li>La transformaci\u00f3n de la Instituci\u00f3n Educativa Rural Bosconia Santa Rita tiene una inversi\u00f3n de $1.800 millones aproximadamente<\/li>\n<li>120 estudiantes ser\u00e1n beneficiados<\/li>\n<li>El proyecto contempla 5 aulas, 1 comedor, 1 biblioteca, 1 aula polivalente, 1 aula tecnolog\u00eda, 1 laboratorio integrado, zona administrativa, 5 bater\u00edas sanitarias, 1 bater\u00eda sanitaria para discapacitados y zona recreativa.<\/li>\n<\/ul>\n","protected":false},"excerpt":{"rendered":"<p>La Alcald\u00eda de Bucaramanga ratific\u00f3 el llamado al Fondo de Financiamiento de Infraestructura Educativa, FFIE, para que oficialice la reasignaci\u00f3n del contratista que se encargar\u00e1 de la transformaci\u00f3n de la instituci\u00f3n educativa. En reuni\u00f3n que se cumpli\u00f3 en la vereda Santa Rita, con reclamos de la comunidad por el incumplimiento de los contratos, los funcionarios [&hellip;]<\/p>\n","protected":false},"author":1,"featured_media":16886,"comment_status":"open","ping_status":"open","sticky":false,"template":"","format":"standard","meta":{"_bbp_topic_count":0,"_bbp_reply_count":0,"_bbp_total_topic_count":0,"_bbp_total_reply_count":0,"_bbp_voice_count":0,"_bbp_anonymous_reply_count":0,"_bbp_topic_count_hidden":0,"_bbp_reply_count_hidden":0,"_bbp_forum_subforum_count":0,"footnotes":""},"categories":[1],"tags":[],"_links":{"self":[{"href":"https:\/\/www.seb.gov.co\/index.php\/wp-json\/wp\/v2\/posts\/16885"}],"collection":[{"href":"https:\/\/www.seb.gov.co\/index.php\/wp-json\/wp\/v2\/posts"}],"about":[{"href":"https:\/\/www.seb.gov.co\/index.php\/wp-json\/wp\/v2\/types\/post"}],"author":[{"embeddable":true,"href":"https:\/\/www.seb.gov.co\/index.php\/wp-json\/wp\/v2\/users\/1"}],"replies":[{"embeddable":true,"href":"https:\/\/www.seb.gov.co\/index.php\/wp-json\/wp\/v2\/comments?post=16885"}],"version-history":[{"count":1,"href":"https:\/\/www.seb.gov.co\/index.php\/wp-json\/wp\/v2\/posts\/16885\/revisions"}],"predecessor-version":[{"id":16887,"href":"https:\/\/www.seb.gov.co\/index.php\/wp-json\/wp\/v2\/posts\/16885\/revisions\/16887"}],"wp:featuredmedia":[{"embeddable":true,"href":"https:\/\/www.seb.gov.co\/index.php\/wp-json\/wp\/v2\/media\/16886"}],"wp:attachment":[{"href":"https:\/\/www.seb.gov.co\/index.php\/wp-json\/wp\/v2\/media?parent=16885"}],"wp:term":[{"taxonomy":"category","embeddable":true,"href":"https:\/\/www.seb.gov.co\/index.php\/wp-json\/wp\/v2\/categories?post=16885"},{"taxonomy":"post_tag","embeddable":true,"href":"https:\/\/www.seb.gov.co\/index.php\/wp-json\/wp\/v2\/tags?post=16885"}],"curies":[{"name":"wp","href":"https:\/\/api.w.org\/{rel}","templated":true}]}}