{"id":15862,"date":"2021-02-10T21:18:42","date_gmt":"2021-02-10T21:18:42","guid":{"rendered":"https:\/\/www.seb.gov.co\/?p=15862"},"modified":"2021-05-09T01:39:47","modified_gmt":"2021-05-09T01:39:47","slug":"plan-de-alternancia-de-bucaramanga-tiene-rigor-y-es-excelente-constanza-alarcon-viceministra-de-educacion","status":"publish","type":"post","link":"https:\/\/www.seb.gov.co\/index.php\/2021\/02\/10\/plan-de-alternancia-de-bucaramanga-tiene-rigor-y-es-excelente-constanza-alarcon-viceministra-de-educacion\/","title":{"rendered":"Plan de Alternancia de Bucaramanga tiene rigor y es excelente\u201d: Constanza Alarc\u00f3n, viceministra de Educaci\u00f3n"},"content":{"rendered":"<ul>\n<li>Pr\u00f3ximamente se har\u00e1 la incorporaci\u00f3n al presupuesto de $2.100 millones para compra de elementos protectores del personal docente.<\/li>\n<\/ul>\n<p>La rigurosidad con el que fue estructurado, el detalle de tareas en las instituciones educativas y el apoyo constante de la secretar\u00eda de Educaci\u00f3n en cada colegio para la implementaci\u00f3n de las medidas de bioseguridad, son parte de las caracter\u00edsticas que fueron destacadas por la viceministra de Educaci\u00f3n, Prescolar, B\u00e1sica y Secundaria, Constanza Alarc\u00f3n P\u00e1rraga, en la presentaci\u00f3n del Plan de Alternancia del Municipio.<\/p>\n<p>Las secretar\u00edas de Educaci\u00f3n y de Salud y Ambiente explicaron las condiciones y los pasos que se est\u00e1n dando para dar inicio el 1 de marzo de 2021- si las condiciones epidemiol\u00f3gicas lo permiten- el Plan de Alternancia, bajo un proceso de transici\u00f3n gradual, progresivo y seguro.<\/p>\n<p>La alta funcionaria del Gobierno Nacional destac\u00f3 que la Secretar\u00eda de Educaci\u00f3n a seguido al pie de la letra los procesos y lineamientos que se requieren para que el Plan de Alternancia sea exitoso.<\/p>\n<blockquote><p>\u201cLe est\u00e1 dando elementos de seguridad a los maestros y familias frente a lo que van a encontrar en las instituciones educativas cuando se implementen los protocolos y podamos garantizar seguridad\u201d.<\/p><\/blockquote>\n<p>La Viceministra de Educaci\u00f3n pidi\u00f3 a las familias y comunidad educativa confiar en las estrategias de regreso a clase y que entiendan la importancia de retornar acompa\u00f1ados de docentes, directivos docentes y personal administrativo.<\/p>\n<p>A los maestros les solicit\u00f3 unirse a cumplir con el Plan de Alternancia para generar condiciones favorables de regreso sin temores.<\/p>\n<p><strong>Por: Prensa Alcald\u00eda de Bucaramanga<\/strong><\/p>\n","protected":false},"excerpt":{"rendered":"<p>Pr\u00f3ximamente se har\u00e1 la incorporaci\u00f3n al presupuesto de $2.100 millones para compra de elementos protectores del personal docente. La rigurosidad con el que fue estructurado, el detalle de tareas en las instituciones educativas y el apoyo constante de la secretar\u00eda de Educaci\u00f3n en cada colegio para la implementaci\u00f3n de las medidas de bioseguridad, son parte [&hellip;]<\/p>\n","protected":false},"author":1,"featured_media":15863,"comment_status":"open","ping_status":"open","sticky":false,"template":"","format":"standard","meta":{"_bbp_topic_count":0,"_bbp_reply_count":0,"_bbp_total_topic_count":0,"_bbp_total_reply_count":0,"_bbp_voice_count":0,"_bbp_anonymous_reply_count":0,"_bbp_topic_count_hidden":0,"_bbp_reply_count_hidden":0,"_bbp_forum_subforum_count":0,"footnotes":""},"categories":[1],"tags":[],"_links":{"self":[{"href":"https:\/\/www.seb.gov.co\/index.php\/wp-json\/wp\/v2\/posts\/15862"}],"collection":[{"href":"https:\/\/www.seb.gov.co\/index.php\/wp-json\/wp\/v2\/posts"}],"about":[{"href":"https:\/\/www.seb.gov.co\/index.php\/wp-json\/wp\/v2\/types\/post"}],"author":[{"embeddable":true,"href":"https:\/\/www.seb.gov.co\/index.php\/wp-json\/wp\/v2\/users\/1"}],"replies":[{"embeddable":true,"href":"https:\/\/www.seb.gov.co\/index.php\/wp-json\/wp\/v2\/comments?post=15862"}],"version-history":[{"count":1,"href":"https:\/\/www.seb.gov.co\/index.php\/wp-json\/wp\/v2\/posts\/15862\/revisions"}],"predecessor-version":[{"id":15864,"href":"https:\/\/www.seb.gov.co\/index.php\/wp-json\/wp\/v2\/posts\/15862\/revisions\/15864"}],"wp:featuredmedia":[{"embeddable":true,"href":"https:\/\/www.seb.gov.co\/index.php\/wp-json\/wp\/v2\/media\/15863"}],"wp:attachment":[{"href":"https:\/\/www.seb.gov.co\/index.php\/wp-json\/wp\/v2\/media?parent=15862"}],"wp:term":[{"taxonomy":"category","embeddable":true,"href":"https:\/\/www.seb.gov.co\/index.php\/wp-json\/wp\/v2\/categories?post=15862"},{"taxonomy":"post_tag","embeddable":true,"href":"https:\/\/www.seb.gov.co\/index.php\/wp-json\/wp\/v2\/tags?post=15862"}],"curies":[{"name":"wp","href":"https:\/\/api.w.org\/{rel}","templated":true}]}}