{"id":15289,"date":"2020-09-15T02:27:39","date_gmt":"2020-09-15T02:27:39","guid":{"rendered":"https:\/\/www.seb.gov.co\/?p=15289"},"modified":"2020-09-17T21:57:39","modified_gmt":"2020-09-17T21:57:39","slug":"formando-docentes-con-el-poder-transformador-de-la-tecnologia","status":"publish","type":"post","link":"https:\/\/www.seb.gov.co\/index.php\/2020\/09\/15\/formando-docentes-con-el-poder-transformador-de-la-tecnologia\/","title":{"rendered":"Formando Docentes con el poder transformador de la Tecnolog\u00eda"},"content":{"rendered":"<div>\n<div class=\"du4w35lb k4urcfbm l9j0dhe7 sjgh65i0\">\n<div class=\"du4w35lb l9j0dhe7\">\n<div class=\"\" data-testid=\"Keycommand_wrapper_feed_story\">\n<div class=\"\" data-testid=\"Keycommand_wrapper\">\n<div class=\"lzcic4wl\" role=\"article\" aria-posinset=\"NaN\" aria-describedby=\"jsc_c_h jsc_c_i jsc_c_j jsc_c_l jsc_c_k\" aria-labelledby=\"jsc_c_g\">\n<div class=\"j83agx80 cbu4d94t\">\n<div class=\"rq0escxv l9j0dhe7 du4w35lb\">\n<div class=\"j83agx80 l9j0dhe7 k4urcfbm\">\n<div class=\"rq0escxv l9j0dhe7 du4w35lb hybvsw6c ue3kfks5 pw54ja7n uo3d90p7 l82x9zwi ni8dbmo4 stjgntxs k4urcfbm sbcfpzgs\">\n<div>\n<div class=\"pybr56ya dati1w0a hv4rvrfc n851cfcs btwxx1t3 j83agx80 ll8tlv6m\">\n<div class=\"buofh1pr\">\n<div class=\"j83agx80 cbu4d94t ew0dbk1b irj2b8pg\">\n<div class=\"qzhwtbm6 knvmm38d\">\n<div class=\"nc684nl6\"><a class=\"oajrlxb2 g5ia77u1 qu0x051f esr5mh6w e9989ue4 r7d6kgcz rq0escxv nhd2j8a9 nc684nl6 p7hjln8o kvgmc6g5 cxmmr5t8 oygrvhab hcukyx3x jb3vyjys rz4wbd8a qt6c0cv9 a8nywdso i1ao9s8h esuyzwwr f1sip0of lzcic4wl oo9gr5id gpro0wi8 lrazzd5p\" tabindex=\"0\" role=\"link\" href=\"https:\/\/www.facebook.com\/Mineducacion\/?__cft__[0]=AZU0Bi1iYX3SWquBoFpkARwtVh8HslzXZ4qFu4b7CQ9FCO1D689qABfbsoKcGzq9s-kgDTPprg1sg7KWZ5VQKqQxPnSr3aGHQc6ot2ULEBkDqdiAGFFXQmbkYSAuSx3MqKQWr3nlXmvM8lj4ebyTOdOS&amp;__tn__=-UC%2CP-R\"><strong>Ministerio de Educaci\u00f3n Nacional de Colombia<\/strong><\/a><\/div>\n<\/div>\n<div class=\"qzhwtbm6 knvmm38d\">\n<p>Con el fin de impulsar el inter\u00e9s de los ni\u00f1os, ni\u00f1as, adolescentes,\u00a0j\u00f3venes, docentes\u00a0y comunidades\u00a0del pa\u00eds en las ciencias de la computaci\u00f3n, as\u00ed como su vinculaci\u00f3n a procesos de formaci\u00f3n, entrenamiento y generaci\u00f3n de habilidades en el \u00e1rea de la tecnolog\u00eda, espec\u00edficamente formaci\u00f3n STEM (Ciencia, Tecnolog\u00eda, Ingenier\u00eda y Matem\u00e1ticas por sus siglas en ingl\u00e9s), \u00a0el Ministerio de las Tecnolog\u00edas de las Tecnolog\u00edas de la Informaci\u00f3n y las Comunicaciones, en conjunto con el Ministerio de Educaci\u00f3n Nacional y Computadores para Educar, desarroll\u00f3 una estrategia basada en Rutas de Aprendizaje, que integran diversos escenarios de formaci\u00f3n que permiten alcanzar habilidades como pensamiento cr\u00edtico, creatividad y pensamiento computacional.\u00a0 Esta estrategia, denominada \u201cRuta STEM\u201d, tiene como objetivo habilitar escenarios para afrontar la\u00a0cuarta revoluci\u00f3n industrial (4RI) a trav\u00e9s del fortalecimiento del talento humano desde el enfoque STEM.\u00a0Adicionalmente, y con el objetivo de fortalecer la educaci\u00f3n abierta, se\u00a0implementar\u00e1n\u00a0estrategias que posibilitan el desarrollo de competencias desde un acompa\u00f1amiento virtual directo que brinde una mayor cobertura\u00a0 y por tanto, un escenario que propicie el cierre de brechas y herramientas para transformar el aula desde la flexibilizaci\u00f3n curricular, el abordaje de habilidades del siglo XXI y procesos de investigaci\u00f3n escolar.<\/p>\n<p>Por lo anterior, la Direcci\u00f3n de econom\u00eda digital de MinTIC, la Oficina de Innovaci\u00f3n Educativa del Ministerio de Educaci\u00f3n Nacional y Computadores para Educar, con el prop\u00f3sito de fortalecer la formaci\u00f3n del talento humano con habilidades digitales y propendiendo por una mayor cobertura nacional, han acordado conformar un banco de docentes elegibles, que se postulen de manera voluntaria y decidida para abanderar los proyectos y replicarlos en sus establecimientos educativos, promoviendo el desarrollo de competencias del siglo XXI que impacten y beneficien a m\u00e1s estudiantes del pa\u00eds. El objetivo es inspirar a los docentes a desarrollar estrategias de innovaci\u00f3n y apropiaci\u00f3n digital con enfoque de educaci\u00f3n STEM, que permitir\u00e1n acercar a la comunidad educativa a la ciencia y la tecnolog\u00eda. Esta estrategia les abrir\u00e1 un camino de cursos que los llevar\u00e1 a conformar una Ruta de Aprendizaje, en la que paso a paso ir\u00e1n profundizando en los temas que se enmarcan en la educaci\u00f3n STEM. Los docentes estar\u00e1n acompa\u00f1ados por tutores virtuales quienes guiar\u00e1n y orientar\u00e1n todo el proceso formativo.<\/p>\n<p>En t\u00e9rminos generales relacionamos la siguiente informaci\u00f3n sobre la convocatoria:<\/p>\n<p><strong><em><u>Objetivo:<\/u><\/em><\/strong><\/p>\n<p>Conformar un banco de docentes elegibles del sector oficial que permita identificar los interesados en formarse en el enfoque educativo STEM (Ciencia, Tecnolog\u00eda, Ingenier\u00eda y Matem\u00e1ticas, por sus siglas en ingl\u00e9s), en procura de contribuir al desarrollar habilidades del Siglo XXI tales como el pensamiento cr\u00edtico y computacional, la creatividad y la resoluci\u00f3n de problemas a trav\u00e9s del uso y apropiaci\u00f3n de la ciencia y la tecnolog\u00eda.<\/p>\n<p><strong><em><u>Dirigida a<\/u><\/em><\/strong><u>:<\/u><\/p>\n<p>Docentes en servicio activo del sector oficial nacional, que pertenezcan a diferentes \u00e1reas, en especial a las \u00e1reas de: tecnolog\u00eda e inform\u00e1tica, matem\u00e1ticas y ciencias (naturales y sociales) en los niveles de educaci\u00f3n b\u00e1sica (primaria y secundaria) y educaci\u00f3n media, ubicados en Establecimientos Educativos de zonas rurales y urbanas. La clasificaci\u00f3n de los establecimientos educativos ser\u00e1 verificada por el Ministerio de Educaci\u00f3n y Computadores para Educar, seg\u00fan el Directorio \u00danico de Establecimientos DUE.<\/p>\n<p><strong><em><u>T\u00e9rminos y condiciones:<\/u><\/em><\/strong><strong><em><u>\u00a0<\/u><\/em><\/strong><\/p>\n<p><strong>Requisitos para participar: <\/strong><strong>\u00a0<\/strong><\/p>\n<ul>\n<li>Ser docente o directivo docente nombrado con tipo de vinculaci\u00f3n en propiedad, en periodo de prueba o provisional, de un Establecimiento Educativo Oficial. Esta condici\u00f3n ser\u00e1 verificada por MinTIC y CPE con las bases de datos oficiales y vigentes del MinEducaci\u00f3n y con los medios y entes que se requieran o podr\u00e1 adjuntar su acta de nombramiento y copia de su documento de identidad en un solo pdf en el enlace de inscripci\u00f3n.<\/li>\n<li>No estar postulado en el programa de formaci\u00f3n docentes \u201cprogramaci\u00f3n para ni\u00f1os y ni\u00f1as\u201d a realizarse durante el segundo semestre 2020, estrategia que es acompa\u00f1ada por CPE.<\/li>\n<li>El periodo de provisionalidad de los docentes seleccionados en esta modalidad debe ser superior al tiempo que dura el proceso de formaci\u00f3n (diciembre de 2020).<\/li>\n<li>Los docentes deber\u00e1n disponer de computador port\u00e1til con puerto USB, tableta o celular con conexi\u00f3n a internet para desarrollar los cursos y descargar el material que se ha desarrollado para la fase de formaci\u00f3n, tambi\u00e9n deber\u00e1 gestionar ante el Directivo Docente (rector o quien corresponda) los horarios indicados para los encuentros sincr\u00f3nicos y asincr\u00f3nicos que se programen.<\/li>\n<\/ul>\n<p><strong>Criterios de selecci\u00f3n: <\/strong><strong>\u00a0<\/strong><\/p>\n<ul>\n<li>Los docentes ser\u00e1n seleccionados teniendo en cuenta la fecha y hora de inscripci\u00f3n, siempre y cuando cumplan con la totalidad de los requisitos solicitados. La selecci\u00f3n se realizar\u00e1 desde el primer registro hasta completar los cupos establecidos para esta convocatoria.<\/li>\n<li>Realizar una \u00fanica inscripci\u00f3n en el formulario oficial de la convocatoria, disponible en el siguiente link: <strong><a href=\"https:\/\/nam02.safelinks.protection.outlook.com\/?url=http%3A%2F%2Fregistrodocente.cpe.gov.co%2F%23%2FRutaSTEM&amp;data=01%7C01%7Ceacalderon%40bucaramanga.gov.co%7Ce1940c16a1a244a7d24708d85b370adb%7C78683ff20c204bdabc77d4b2a87f2a6a%7C0&amp;sdata=7P0pNpHMXDVxDIx8UO7xi6ZQat9DfMQ%2Fy%2FH6sktTLG4%3D&amp;reserved=0\">http:\/\/registrodocente.cpe.gov.co\/#\/RutaSTEM<\/a><\/strong>. Este formulario no env\u00eda correo de confirmaci\u00f3n, as\u00ed que se debe ser muy riguroso al momento de diligenciarlo.\u00a0 En caso de presentar alg\u00fan error o problema con el sistema de registro, por favor enviar una captura de pantalla del problema al correo <strong><a href=\"mailto:info@cpe.gov.co\">info@cpe.gov.co<\/a><\/strong> con el asunto: Incidente registro inscripci\u00f3n Ruta STEM. Nuestro equipo atender\u00e1 la solicitud a la mayor brevedad posible para asegurar el registro exitoso de cada docente.<\/li>\n<li>Aceptar y cumplir a cabalidad las reglas de la convocatoria expresadas en los t\u00e9rminos y condiciones. Por favor revisar de manera cuidadosa la lista de los requisitos solicitados, validando que los datos est\u00e9n completos antes de inscribirse.<\/li>\n<\/ul>\n<p>Para ampliar informaci\u00f3n relacionada con los t\u00e9rminos y condiciones a continuaci\u00f3n se relaciona el siguiente enlace en donde se encuentra la convocatoria oficial. <a href=\"https:\/\/nam02.safelinks.protection.outlook.com\/?url=https%3A%2F%2Fwww.mineducacion.gov.co%2F1759%2Farticles-400850_documento_pdf.pdf&amp;data=01%7C01%7Ceacalderon%40bucaramanga.gov.co%7Ce1940c16a1a244a7d24708d85b370adb%7C78683ff20c204bdabc77d4b2a87f2a6a%7C0&amp;sdata=DjN%2BVuw0bAS42kx0sME9rqiZzWj6mtI4JT%2BQu%2FfMprw%3D&amp;reserved=0\"><strong>https:\/\/www.mineducacion.gov.co\/1759\/articles-400850_documento_pdf.pdf<\/strong><\/a><strong>\u00a0<\/strong><\/p>\n<p>Consideramos que esta es una gran oportunidad para el aprovechamiento pedag\u00f3gico y did\u00e1ctico de las herramientas y desarrollos tecnol\u00f3gicos y as\u00ed conectar a los estudiantes con los retos de la sociedad del siglo XXI, facilitando acceso a m\u00e1s informaci\u00f3n, interactuando y tomando mejores decisiones como ciudadanos locales y globales y para inspirar proyectos de vida en el futuro.<\/p>\n<\/div>\n<\/div>\n<\/div>\n<\/div>\n<\/div>\n<div>\n<div id=\"jsc_c_j\" class=\"l9j0dhe7\">\n<div class=\"l9j0dhe7\">\n<div class=\"linmgsc8 opwvks06 i09qtzwb n7fi1qx3 hzruof5a pmk7jnqg j9ispegn kr520xx4\"><\/div>\n<\/div>\n<\/div>\n<\/div>\n<\/div>\n<\/div>\n<\/div>\n<\/div>\n<\/div>\n<\/div>\n<\/div>\n<\/div>\n<\/div>\n<\/div>\n","protected":false},"excerpt":{"rendered":"<p>Ministerio de Educaci\u00f3n Nacional de Colombia Con el fin de impulsar el inter\u00e9s de los ni\u00f1os, ni\u00f1as, adolescentes,\u00a0j\u00f3venes, docentes\u00a0y comunidades\u00a0del pa\u00eds en las ciencias de la computaci\u00f3n, as\u00ed como su vinculaci\u00f3n a procesos de formaci\u00f3n, entrenamiento y generaci\u00f3n de habilidades en el \u00e1rea de la tecnolog\u00eda, espec\u00edficamente formaci\u00f3n STEM (Ciencia, Tecnolog\u00eda, Ingenier\u00eda y Matem\u00e1ticas por [&hellip;]<\/p>\n","protected":false},"author":1,"featured_media":15295,"comment_status":"open","ping_status":"open","sticky":false,"template":"","format":"standard","meta":{"_bbp_topic_count":0,"_bbp_reply_count":0,"_bbp_total_topic_count":0,"_bbp_total_reply_count":0,"_bbp_voice_count":0,"_bbp_anonymous_reply_count":0,"_bbp_topic_count_hidden":0,"_bbp_reply_count_hidden":0,"_bbp_forum_subforum_count":0,"footnotes":""},"categories":[1],"tags":[],"_links":{"self":[{"href":"https:\/\/www.seb.gov.co\/index.php\/wp-json\/wp\/v2\/posts\/15289"}],"collection":[{"href":"https:\/\/www.seb.gov.co\/index.php\/wp-json\/wp\/v2\/posts"}],"about":[{"href":"https:\/\/www.seb.gov.co\/index.php\/wp-json\/wp\/v2\/types\/post"}],"author":[{"embeddable":true,"href":"https:\/\/www.seb.gov.co\/index.php\/wp-json\/wp\/v2\/users\/1"}],"replies":[{"embeddable":true,"href":"https:\/\/www.seb.gov.co\/index.php\/wp-json\/wp\/v2\/comments?post=15289"}],"version-history":[{"count":3,"href":"https:\/\/www.seb.gov.co\/index.php\/wp-json\/wp\/v2\/posts\/15289\/revisions"}],"predecessor-version":[{"id":15327,"href":"https:\/\/www.seb.gov.co\/index.php\/wp-json\/wp\/v2\/posts\/15289\/revisions\/15327"}],"wp:featuredmedia":[{"embeddable":true,"href":"https:\/\/www.seb.gov.co\/index.php\/wp-json\/wp\/v2\/media\/15295"}],"wp:attachment":[{"href":"https:\/\/www.seb.gov.co\/index.php\/wp-json\/wp\/v2\/media?parent=15289"}],"wp:term":[{"taxonomy":"category","embeddable":true,"href":"https:\/\/www.seb.gov.co\/index.php\/wp-json\/wp\/v2\/categories?post=15289"},{"taxonomy":"post_tag","embeddable":true,"href":"https:\/\/www.seb.gov.co\/index.php\/wp-json\/wp\/v2\/tags?post=15289"}],"curies":[{"name":"wp","href":"https:\/\/api.w.org\/{rel}","templated":true}]}}