{"id":14367,"date":"2019-09-23T21:00:00","date_gmt":"2019-09-23T21:00:00","guid":{"rendered":"https:\/\/www.seb.gov.co\/?p=14367"},"modified":"2019-10-30T21:06:16","modified_gmt":"2019-10-30T21:06:16","slug":"tecnico-superior-damaso-zapata-gano-concurso-de-fotografia-te-reto-a-ser-naturalista","status":"publish","type":"post","link":"https:\/\/www.seb.gov.co\/index.php\/2019\/09\/23\/tecnico-superior-damaso-zapata-gano-concurso-de-fotografia-te-reto-a-ser-naturalista\/","title":{"rendered":"T\u00e9cnico Superior D\u00e1maso Zapata gan\u00f3 concurso de fotograf\u00eda \u2018te reto a ser naturalista\u2019"},"content":{"rendered":"<p class=\"post-byline\">por <span class=\"vcard author\"> <span class=\"fn\"><a title=\"Entradas de Alcaldia de Bucaramanga\" href=\"https:\/\/www.bucaramanga.gov.co\/noticias\/author\/jrodriguezc\/\" rel=\"author\">Alcaldia de Bucaramanga<\/a><\/span> <\/span> \u00b7 <span class=\"published\">23 septiembre, 2019<\/span><\/p>\n<div class=\"clear\"><em>El evento se cumpli\u00f3 en el marco de la celebraci\u00f3n del mes de la Biodiversidad.<\/em><\/div>\n<div><\/div>\n<div><img decoding=\"async\" loading=\"lazy\" class=\"size-full wp-image-14368 alignnone\" src=\"https:\/\/www.seb.gov.co\/wp-content\/uploads\/2019\/10\/img_concursodamaso.jpg\" alt=\"\" width=\"871\" height=\"386\" srcset=\"https:\/\/www.seb.gov.co\/wp-content\/uploads\/2019\/10\/img_concursodamaso.jpg 871w, https:\/\/www.seb.gov.co\/wp-content\/uploads\/2019\/10\/img_concursodamaso-300x133.jpg 300w, https:\/\/www.seb.gov.co\/wp-content\/uploads\/2019\/10\/img_concursodamaso-768x340.jpg 768w\" sizes=\"(max-width: 871px) 100vw, 871px\" \/><\/div>\n<div><\/div>\n<div>\n<hr \/>\n<p><strong>\u00c1ngela Garz\u00f3n, l\u00edder de educaci\u00f3n ambiental de la Subsecretar\u00eda del Medio Ambiente del Municipio<\/strong><\/p>\n<\/div>\n<div>\n<!--[if lt IE 9]><script>document.createElement('audio');<\/script><![endif]-->\n<audio class=\"wp-audio-shortcode\" id=\"audio-14367-1\" preload=\"none\" style=\"width: 100%;\" controls=\"controls\"><source type=\"audio\/mpeg\" src=\"https:\/\/www.bucaramanga.gov.co\/noticias\/wp-content\/uploads\/2019\/09\/A%CC%81ngela-Garzo%CC%81n-subsecretaria-del-medio-ambiente-RETO-NATURALISTA.mp3?_=1\" \/><a href=\"https:\/\/www.bucaramanga.gov.co\/noticias\/wp-content\/uploads\/2019\/09\/A%CC%81ngela-Garzo%CC%81n-subsecretaria-del-medio-ambiente-RETO-NATURALISTA.mp3\">https:\/\/www.bucaramanga.gov.co\/noticias\/wp-content\/uploads\/2019\/09\/A%CC%81ngela-Garzo%CC%81n-subsecretaria-del-medio-ambiente-RETO-NATURALISTA.mp3<\/a><\/audio>\n<hr \/>\n<\/div>\n<div>\n<p>Con registros fotogr\u00e1ficos de todo lo que representa la naturaleza de nuestro paisaje y su biodiversidad, cuatro instituciones educativas de Bucaramanga aceptaron el reto de redescubrir la ciudad con toda su belleza natural.<\/p>\n<p>Despu\u00e9s de la toma de 245 fotograf\u00edas todas relacionadas con \u00e1rboles y fauna, el jurado calificador conformado por dos docentes y un estudiante de la UIS dieron como ganador al instituto T\u00e9cnico Superior D\u00e1maso Zapata.\u00a0 El premio fue entregado en el cuarto seminario de biodiversidad que realiz\u00f3 la UIS.<\/p>\n<blockquote><p><em>\u201cFotografiaron una ara\u00f1a que estaba bien definida y seg\u00fan el jurado contaba con todas las caracter\u00edsticas necesarias\u201d, manifest\u00f3 \u00c1ngela Garz\u00f3n, l\u00edder de educaci\u00f3n ambiental de la Subsecretar\u00eda del Medio Ambiente del Municipio.<\/em><\/p><\/blockquote>\n<p>La profesional explic\u00f3 que el reto naturalista se llev\u00f3 a cabo en los alrededores de cada instituci\u00f3n. \u00a0\u201cAunque se hicieron fotos de fauna y flora prevaleci\u00f3 el tema de insectos\u201d, dijo.<\/p>\n<p>De esta secretar\u00eda se agradeci\u00f3 a las instituciones educativas Escuela Normal Superior, INEM, Instituto T\u00e9cnico D\u00e1maso Zapata y el Reggio Amelia por la participaci\u00f3n activa y el inter\u00e9s que presentaron en cada fotograf\u00eda con un buen enfoque que servir\u00e1 para el tema de investigaci\u00f3n y aprendizaje.<\/p>\n<p>&nbsp;<\/p>\n<p><strong>Por: \u00c9dgar A. S\u00e1nchez<\/strong><\/p>\n<\/div>\n","protected":false},"excerpt":{"rendered":"<p>por Alcaldia de Bucaramanga \u00b7 23 septiembre, 2019 El evento se cumpli\u00f3 en el marco de la celebraci\u00f3n del mes de la Biodiversidad. \u00c1ngela Garz\u00f3n, l\u00edder de educaci\u00f3n ambiental de la Subsecretar\u00eda del Medio Ambiente del Municipio Con registros fotogr\u00e1ficos de todo lo que representa la naturaleza de nuestro paisaje y su biodiversidad, cuatro instituciones [&hellip;]<\/p>\n","protected":false},"author":1,"featured_media":14368,"comment_status":"open","ping_status":"open","sticky":false,"template":"","format":"standard","meta":{"_bbp_topic_count":0,"_bbp_reply_count":0,"_bbp_total_topic_count":0,"_bbp_total_reply_count":0,"_bbp_voice_count":0,"_bbp_anonymous_reply_count":0,"_bbp_topic_count_hidden":0,"_bbp_reply_count_hidden":0,"_bbp_forum_subforum_count":0,"footnotes":""},"categories":[1],"tags":[],"_links":{"self":[{"href":"https:\/\/www.seb.gov.co\/index.php\/wp-json\/wp\/v2\/posts\/14367"}],"collection":[{"href":"https:\/\/www.seb.gov.co\/index.php\/wp-json\/wp\/v2\/posts"}],"about":[{"href":"https:\/\/www.seb.gov.co\/index.php\/wp-json\/wp\/v2\/types\/post"}],"author":[{"embeddable":true,"href":"https:\/\/www.seb.gov.co\/index.php\/wp-json\/wp\/v2\/users\/1"}],"replies":[{"embeddable":true,"href":"https:\/\/www.seb.gov.co\/index.php\/wp-json\/wp\/v2\/comments?post=14367"}],"version-history":[{"count":1,"href":"https:\/\/www.seb.gov.co\/index.php\/wp-json\/wp\/v2\/posts\/14367\/revisions"}],"predecessor-version":[{"id":14369,"href":"https:\/\/www.seb.gov.co\/index.php\/wp-json\/wp\/v2\/posts\/14367\/revisions\/14369"}],"wp:featuredmedia":[{"embeddable":true,"href":"https:\/\/www.seb.gov.co\/index.php\/wp-json\/wp\/v2\/media\/14368"}],"wp:attachment":[{"href":"https:\/\/www.seb.gov.co\/index.php\/wp-json\/wp\/v2\/media?parent=14367"}],"wp:term":[{"taxonomy":"category","embeddable":true,"href":"https:\/\/www.seb.gov.co\/index.php\/wp-json\/wp\/v2\/categories?post=14367"},{"taxonomy":"post_tag","embeddable":true,"href":"https:\/\/www.seb.gov.co\/index.php\/wp-json\/wp\/v2\/tags?post=14367"}],"curies":[{"name":"wp","href":"https:\/\/api.w.org\/{rel}","templated":true}]}}