{"id":14364,"date":"2019-09-23T08:00:57","date_gmt":"2019-09-23T08:00:57","guid":{"rendered":"https:\/\/www.seb.gov.co\/?p=14364"},"modified":"2019-10-30T20:59:27","modified_gmt":"2019-10-30T20:59:27","slug":"apoye-con-su-voto-a-los-estudiantes-del-damaso-zapata-en-el-concurso-soluciones-para-el-futuro-de-samsung","status":"publish","type":"post","link":"https:\/\/www.seb.gov.co\/index.php\/2019\/09\/23\/apoye-con-su-voto-a-los-estudiantes-del-damaso-zapata-en-el-concurso-soluciones-para-el-futuro-de-samsung\/","title":{"rendered":"Apoye con su voto a los estudiantes del D\u00e1maso Zapata en el concurso \u2018Soluciones para el futuro\u2019 de Samsung"},"content":{"rendered":"<p class=\"post-byline\">por <span class=\"vcard author\"> <span class=\"fn\"><a title=\"Entradas de Alcaldia de Bucaramanga\" href=\"https:\/\/www.bucaramanga.gov.co\/noticias\/author\/jrodriguezc\/\" rel=\"author\">Alcaldia de Bucaramanga<\/a><\/span> <\/span> \u00b7 <span class=\"published\">23 septiembre, 2019<\/span><\/p>\n<div class=\"clear\"><em>Alumnos de la instituci\u00f3n educativa compiten con su idea tecnol\u00f3gica, llamada Forro Cargador con Energ\u00edas Limpias, contra proyectos realizados en Envigado, Sandon\u00e1 (Nari\u00f1o), Bogot\u00e1 y Barranquilla. <\/em><strong>Ingrese a <a href=\"http:\/\/www.solucionesparaelfuturo.co\" target=\"_blank\" rel=\"noopener noreferrer\">www.solucionesparaelfuturo.co<\/a> y ay\u00fadelos a ganar.<\/strong><\/div>\n<div><\/div>\n<div><img decoding=\"async\" loading=\"lazy\" class=\"size-full wp-image-14365 alignnone\" src=\"https:\/\/www.seb.gov.co\/wp-content\/uploads\/2019\/10\/img_estudamaso.jpg\" alt=\"\" width=\"871\" height=\"386\" srcset=\"https:\/\/www.seb.gov.co\/wp-content\/uploads\/2019\/10\/img_estudamaso.jpg 871w, https:\/\/www.seb.gov.co\/wp-content\/uploads\/2019\/10\/img_estudamaso-300x133.jpg 300w, https:\/\/www.seb.gov.co\/wp-content\/uploads\/2019\/10\/img_estudamaso-768x340.jpg 768w\" sizes=\"(max-width: 871px) 100vw, 871px\" \/><\/div>\n<div><\/div>\n<div>\n<div class=\"wp-playlist-item wp-playlist-playing\">\n<hr \/>\n<p><strong>1. <span class=\"wp-playlist-item-title\">Jos\u00e9 Joaqu\u00edn Claros, rector t\u00e9cnico D\u00e1maso Zapata<\/span><\/strong><\/p>\n<\/div>\n<div>\n<!--[if lt IE 9]><script>document.createElement('audio');<\/script><![endif]-->\n<audio class=\"wp-audio-shortcode\" id=\"audio-14364-1\" preload=\"none\" style=\"width: 100%;\" controls=\"controls\"><source type=\"audio\/mpeg\" src=\"https:\/\/www.bucaramanga.gov.co\/noticias\/wp-content\/uploads\/2019\/09\/AudiodeJoseJoaqui%CC%81nClarosDamasoZapata.mp3?_=1\" \/><a href=\"https:\/\/www.bucaramanga.gov.co\/noticias\/wp-content\/uploads\/2019\/09\/AudiodeJoseJoaqui%CC%81nClarosDamasoZapata.mp3\">https:\/\/www.bucaramanga.gov.co\/noticias\/wp-content\/uploads\/2019\/09\/AudiodeJoseJoaqui%CC%81nClarosDamasoZapata.mp3<\/a><\/audio>\n<\/div>\n<div class=\"wp-playlist-item\"><strong> 2. <span class=\"wp-playlist-item-title\">\u00c1lvaro Guio, estudiante del D\u00e1maso Zapata<\/span><\/strong><\/div>\n<div>\n<audio class=\"wp-audio-shortcode\" id=\"audio-14364-2\" preload=\"none\" style=\"width: 100%;\" controls=\"controls\"><source type=\"audio\/mpeg\" src=\"https:\/\/www.bucaramanga.gov.co\/noticias\/wp-content\/uploads\/2019\/09\/AudiodeAlvaroGuioEstudiante.mp3?_=2\" \/><a href=\"https:\/\/www.bucaramanga.gov.co\/noticias\/wp-content\/uploads\/2019\/09\/AudiodeAlvaroGuioEstudiante.mp3\">https:\/\/www.bucaramanga.gov.co\/noticias\/wp-content\/uploads\/2019\/09\/AudiodeAlvaroGuioEstudiante.mp3<\/a><\/audio>\n<\/div>\n<hr \/>\n<\/div>\n<div>\n<p>El premio es un viaje a\u00a0S\u00e3o Paulo (Brasil)\u00a0para representar a Colombia en el concurso Soluciones Para el Futuro 2019. Adem\u00e1s, cada integrante del equipo recibir\u00e1 un\u00a0Galaxy A80.<\/p>\n<blockquote><p><em><strong>\u201cDe 1.000 proyectos que se presentaron, nosotros estamos entre los cinco finalistas. Nuestro proyecto consiste en un forro cargador port\u00e1til, en el cual se van a implementar dos energ\u00edas limpias: la solar y la cin\u00e9tica\u201d, dijo \u00c1lvaro Guio, estudiante del D\u00e1maso Zapata<\/strong><strong>.<\/strong> <\/em><\/p><\/blockquote>\n<p>El concurso busc\u00f3 inspirar a j\u00f3venes de entre 15 y 19 a\u00f1os de edad de colegios p\u00fablicos del pa\u00eds para que desarrollen y propongan ideas enfocadas en temas de ciencia, tecnolog\u00eda, ingenier\u00eda y matem\u00e1ticas.<\/p>\n<blockquote><p><strong><em>\u00a0\u201cSe vota una vez por d\u00eda y el plazo vence hasta el 27 de septiembre. Queremos ser los ganadores de este concurso en donde participan proyectos de innovaci\u00f3n y emprendimiento. Con su apoyo y colaboraci\u00f3n lo lograremos\u201d, expres\u00f3 Jos\u00e9 Joaqu\u00edn Claros M\u00e9ndez,\u00a0rector\u00a0del colegio.<\/em><\/strong><\/p><\/blockquote>\n<p>Es de anotar que el Gobierno de los Ciudadanos apost\u00f3 en la educaci\u00f3n como eje transformador de la sociedad y con acciones contundentes cerr\u00f3 brechas, incentiv\u00f3 la competitividad y cre\u00f3 una movilidad social.<\/p>\n<p>&nbsp;<\/p>\n<p><strong>Por: F\u00e9lix Cristancho<\/strong><\/p>\n<\/div>\n<div><\/div>\n","protected":false},"excerpt":{"rendered":"<p>por Alcaldia de Bucaramanga \u00b7 23 septiembre, 2019 Alumnos de la instituci\u00f3n educativa compiten con su idea tecnol\u00f3gica, llamada Forro Cargador con Energ\u00edas Limpias, contra proyectos realizados en Envigado, Sandon\u00e1 (Nari\u00f1o), Bogot\u00e1 y Barranquilla. Ingrese a www.solucionesparaelfuturo.co y ay\u00fadelos a ganar. 1. Jos\u00e9 Joaqu\u00edn Claros, rector t\u00e9cnico D\u00e1maso Zapata 2. \u00c1lvaro Guio, estudiante del D\u00e1maso [&hellip;]<\/p>\n","protected":false},"author":1,"featured_media":14365,"comment_status":"open","ping_status":"open","sticky":false,"template":"","format":"standard","meta":{"_bbp_topic_count":0,"_bbp_reply_count":0,"_bbp_total_topic_count":0,"_bbp_total_reply_count":0,"_bbp_voice_count":0,"_bbp_anonymous_reply_count":0,"_bbp_topic_count_hidden":0,"_bbp_reply_count_hidden":0,"_bbp_forum_subforum_count":0,"footnotes":""},"categories":[1],"tags":[],"_links":{"self":[{"href":"https:\/\/www.seb.gov.co\/index.php\/wp-json\/wp\/v2\/posts\/14364"}],"collection":[{"href":"https:\/\/www.seb.gov.co\/index.php\/wp-json\/wp\/v2\/posts"}],"about":[{"href":"https:\/\/www.seb.gov.co\/index.php\/wp-json\/wp\/v2\/types\/post"}],"author":[{"embeddable":true,"href":"https:\/\/www.seb.gov.co\/index.php\/wp-json\/wp\/v2\/users\/1"}],"replies":[{"embeddable":true,"href":"https:\/\/www.seb.gov.co\/index.php\/wp-json\/wp\/v2\/comments?post=14364"}],"version-history":[{"count":1,"href":"https:\/\/www.seb.gov.co\/index.php\/wp-json\/wp\/v2\/posts\/14364\/revisions"}],"predecessor-version":[{"id":14366,"href":"https:\/\/www.seb.gov.co\/index.php\/wp-json\/wp\/v2\/posts\/14364\/revisions\/14366"}],"wp:featuredmedia":[{"embeddable":true,"href":"https:\/\/www.seb.gov.co\/index.php\/wp-json\/wp\/v2\/media\/14365"}],"wp:attachment":[{"href":"https:\/\/www.seb.gov.co\/index.php\/wp-json\/wp\/v2\/media?parent=14364"}],"wp:term":[{"taxonomy":"category","embeddable":true,"href":"https:\/\/www.seb.gov.co\/index.php\/wp-json\/wp\/v2\/categories?post=14364"},{"taxonomy":"post_tag","embeddable":true,"href":"https:\/\/www.seb.gov.co\/index.php\/wp-json\/wp\/v2\/tags?post=14364"}],"curies":[{"name":"wp","href":"https:\/\/api.w.org\/{rel}","templated":true}]}}