{"id":14361,"date":"2019-09-24T10:00:52","date_gmt":"2019-09-24T10:00:52","guid":{"rendered":"https:\/\/www.seb.gov.co\/?p=14361"},"modified":"2019-10-30T20:53:40","modified_gmt":"2019-10-30T20:53:40","slug":"tecnico-superior-damaso-zapata-recibio-donacion-de-30-nuevos-computadores-gestionados-por-la-alcaldia-de-bucaramanga","status":"publish","type":"post","link":"https:\/\/www.seb.gov.co\/index.php\/2019\/09\/24\/tecnico-superior-damaso-zapata-recibio-donacion-de-30-nuevos-computadores-gestionados-por-la-alcaldia-de-bucaramanga\/","title":{"rendered":"T\u00e9cnico Superior D\u00e1maso Zapata recibi\u00f3 donaci\u00f3n de 30 nuevos computadores gestionados por la Alcald\u00eda de Bucaramanga"},"content":{"rendered":"<p class=\"post-byline\">por <span class=\"vcard author\"> <span class=\"fn\"><a title=\"Entradas de Alcaldia de Bucaramanga\" href=\"https:\/\/www.bucaramanga.gov.co\/noticias\/author\/jrodriguezc\/\" rel=\"author\">Alcaldia de Bucaramanga<\/a><\/span> <\/span> \u00b7 <span class=\"published\">24 septiembre, 2019<\/span><\/p>\n<div class=\"clear\"><em>Un total de 155 computadores, a trav\u00e9s de donaciones, ha entregado el Gobierno local en instituciones educativas del sector rural y urbano de la ciudad.<\/em><\/div>\n<div><\/div>\n<div><img decoding=\"async\" loading=\"lazy\" class=\"size-full wp-image-14362 alignnone\" src=\"https:\/\/www.seb.gov.co\/wp-content\/uploads\/2019\/10\/img_pcdamazo.jpg\" alt=\"\" width=\"871\" height=\"386\" srcset=\"https:\/\/www.seb.gov.co\/wp-content\/uploads\/2019\/10\/img_pcdamazo.jpg 871w, https:\/\/www.seb.gov.co\/wp-content\/uploads\/2019\/10\/img_pcdamazo-300x133.jpg 300w, https:\/\/www.seb.gov.co\/wp-content\/uploads\/2019\/10\/img_pcdamazo-768x340.jpg 768w\" sizes=\"(max-width: 871px) 100vw, 871px\" \/><\/div>\n<div>\n<div class=\"wp-playlist-tracks\">\n<div class=\"wp-playlist-item wp-playlist-playing\">\n<hr \/>\n<p><strong>1. <span class=\"wp-playlist-item-title\">Jos\u00e9 Joaqu\u00edn Claros, rector t\u00e9cnico D\u00e1maso Zapata<\/span><\/strong><\/p>\n<\/div>\n<div>\n<!--[if lt IE 9]><script>document.createElement('audio');<\/script><![endif]-->\n<audio class=\"wp-audio-shortcode\" id=\"audio-14361-1\" preload=\"none\" style=\"width: 100%;\" controls=\"controls\"><source type=\"audio\/mpeg\" src=\"https:\/\/www.bucaramanga.gov.co\/noticias\/wp-content\/uploads\/2019\/09\/Jose%CC%81-Joaqui%CC%81n-Claros-rector-Te%CC%81cnico-Da%CC%81maso-ENTREGA-COMPUT.mp3?_=1\" \/><a href=\"https:\/\/www.bucaramanga.gov.co\/noticias\/wp-content\/uploads\/2019\/09\/Jose%CC%81-Joaqui%CC%81n-Claros-rector-Te%CC%81cnico-Da%CC%81maso-ENTREGA-COMPUT.mp3\">https:\/\/www.bucaramanga.gov.co\/noticias\/wp-content\/uploads\/2019\/09\/Jose%CC%81-Joaqui%CC%81n-Claros-rector-Te%CC%81cnico-Da%CC%81maso-ENTREGA-COMPUT.mp3<\/a><\/audio>\n<\/div>\n<div class=\"wp-playlist-item\"><strong> 2. <span class=\"wp-playlist-item-title\">Sergio Caj\u00edas Lizcano, asesor TIC alcald\u00eda de Bucaramanga<\/span><\/strong><\/div>\n<div>\n<audio class=\"wp-audio-shortcode\" id=\"audio-14361-2\" preload=\"none\" style=\"width: 100%;\" controls=\"controls\"><source type=\"audio\/mpeg\" src=\"https:\/\/www.bucaramanga.gov.co\/noticias\/wp-content\/uploads\/2019\/09\/Sergio-Caji%CC%81as-Lizcano-asesor-TIC-alcaldia-de-Bucaramanga-ENTREGA-COMPUTA.mp3?_=2\" \/><a href=\"https:\/\/www.bucaramanga.gov.co\/noticias\/wp-content\/uploads\/2019\/09\/Sergio-Caji%CC%81as-Lizcano-asesor-TIC-alcaldia-de-Bucaramanga-ENTREGA-COMPUTA.mp3\">https:\/\/www.bucaramanga.gov.co\/noticias\/wp-content\/uploads\/2019\/09\/Sergio-Caji%CC%81as-Lizcano-asesor-TIC-alcaldia-de-Bucaramanga-ENTREGA-COMPUTA.mp3<\/a><\/audio>\n<hr \/>\n<p>Por gesti\u00f3n del Gobierno Municipal, a trav\u00e9s de la Oficina TIC, el Instituto T\u00e9cnico Superior D\u00e1maso Zapata tendr\u00e1 en sus instalaciones 30 nuevos computadores para el servicio escolar.<\/p>\n<p>Se trata de un apoyo de la organizaci\u00f3n Lenovo para el fortalecimiento y el uso masivo de las tecnolog\u00edas, donaci\u00f3n especial para instituciones educativas oficiales de la ciudad.<\/p>\n<blockquote><p><em><strong>\u201cQu\u00e9 bueno que en sus 131 a\u00f1os le podamos llevar tecnolog\u00eda a cada uno de sus salones. Estamos en la era digital del conocimiento y de la tecnolog\u00eda\u201d, reconoci\u00f3 el asesor TIC de la alcald\u00eda, Sergio Oswaldo Caj\u00edas Lizcano.<\/strong><\/em><\/p><\/blockquote>\n<p>Se busca que cada sal\u00f3n del D\u00e1maso Zapata quede con un video beam y un port\u00e1til para una mejor transmisi\u00f3n del conocimiento, sostuvo el funcionario.<\/p>\n<p>El evento cont\u00f3 con la presencia de la alcaldesa designada, Alba Asucena Navarro, quien invit\u00f3 a los estudiantes del t\u00e9cnico a abrirse caminos en la vida para ser hombres de futuro. La funcionaria los invit\u00f3 a luchar contra la corrupci\u00f3n y a llevar sus actividades al escenario de la transparencia.<\/p>\n<p>El rector de la instituci\u00f3n educativa, Jos\u00e9 Joaqu\u00edn Claros, se\u00f1al\u00f3 que los 30 equipos port\u00e1tiles ayudar\u00e1n en el proceso pedag\u00f3gico de aula.<\/p>\n<p>Mar\u00eda Fernanda Ribero Parra, personera escolar, consider\u00f3 que con los recursos tecnol\u00f3gicos recibidos se avanza en calidad acad\u00e9mica. \u201cSe estaban necesitando en sistemas y en electr\u00f3nica, tambi\u00e9n para los chicos de primaria\u201d.<\/p>\n<p>Cabe recordar que en d\u00edas pasados, 20 computadores fueron entregados por la Alcald\u00eda de Bucaramanga en la instituci\u00f3n educativa Gustavo Cote Uribe.<\/p>\n<p>&nbsp;<\/p>\n<p><strong>Por: \u00c9dgar A. S\u00e1nchez<\/strong><\/p>\n<\/div>\n<\/div>\n<\/div>\n","protected":false},"excerpt":{"rendered":"<p>por Alcaldia de Bucaramanga \u00b7 24 septiembre, 2019 Un total de 155 computadores, a trav\u00e9s de donaciones, ha entregado el Gobierno local en instituciones educativas del sector rural y urbano de la ciudad. 1. Jos\u00e9 Joaqu\u00edn Claros, rector t\u00e9cnico D\u00e1maso Zapata 2. Sergio Caj\u00edas Lizcano, asesor TIC alcald\u00eda de Bucaramanga Por gesti\u00f3n del Gobierno Municipal, [&hellip;]<\/p>\n","protected":false},"author":1,"featured_media":14362,"comment_status":"open","ping_status":"open","sticky":false,"template":"","format":"standard","meta":{"_bbp_topic_count":0,"_bbp_reply_count":0,"_bbp_total_topic_count":0,"_bbp_total_reply_count":0,"_bbp_voice_count":0,"_bbp_anonymous_reply_count":0,"_bbp_topic_count_hidden":0,"_bbp_reply_count_hidden":0,"_bbp_forum_subforum_count":0,"footnotes":""},"categories":[1],"tags":[],"_links":{"self":[{"href":"https:\/\/www.seb.gov.co\/index.php\/wp-json\/wp\/v2\/posts\/14361"}],"collection":[{"href":"https:\/\/www.seb.gov.co\/index.php\/wp-json\/wp\/v2\/posts"}],"about":[{"href":"https:\/\/www.seb.gov.co\/index.php\/wp-json\/wp\/v2\/types\/post"}],"author":[{"embeddable":true,"href":"https:\/\/www.seb.gov.co\/index.php\/wp-json\/wp\/v2\/users\/1"}],"replies":[{"embeddable":true,"href":"https:\/\/www.seb.gov.co\/index.php\/wp-json\/wp\/v2\/comments?post=14361"}],"version-history":[{"count":1,"href":"https:\/\/www.seb.gov.co\/index.php\/wp-json\/wp\/v2\/posts\/14361\/revisions"}],"predecessor-version":[{"id":14363,"href":"https:\/\/www.seb.gov.co\/index.php\/wp-json\/wp\/v2\/posts\/14361\/revisions\/14363"}],"wp:featuredmedia":[{"embeddable":true,"href":"https:\/\/www.seb.gov.co\/index.php\/wp-json\/wp\/v2\/media\/14362"}],"wp:attachment":[{"href":"https:\/\/www.seb.gov.co\/index.php\/wp-json\/wp\/v2\/media?parent=14361"}],"wp:term":[{"taxonomy":"category","embeddable":true,"href":"https:\/\/www.seb.gov.co\/index.php\/wp-json\/wp\/v2\/categories?post=14361"},{"taxonomy":"post_tag","embeddable":true,"href":"https:\/\/www.seb.gov.co\/index.php\/wp-json\/wp\/v2\/tags?post=14361"}],"curies":[{"name":"wp","href":"https:\/\/api.w.org\/{rel}","templated":true}]}}