{"id":14352,"date":"2019-09-23T10:32:32","date_gmt":"2019-09-23T10:32:32","guid":{"rendered":"https:\/\/www.seb.gov.co\/?p=14352"},"modified":"2019-10-30T20:42:59","modified_gmt":"2019-10-30T20:42:59","slug":"comienza-proceso-de-constitucion-del-enfasis-en-ingles-en-las-instituciones-educativas-bicentenario-y-san-jose-de-la-salle","status":"publish","type":"post","link":"https:\/\/www.seb.gov.co\/index.php\/2019\/09\/23\/comienza-proceso-de-constitucion-del-enfasis-en-ingles-en-las-instituciones-educativas-bicentenario-y-san-jose-de-la-salle\/","title":{"rendered":"Comienza proceso de constituci\u00f3n del \u00e9nfasis en ingl\u00e9s en las instituciones educativas Bicentenario y San Jos\u00e9 De La Salle"},"content":{"rendered":"<p class=\"post-byline\">por <span class=\"vcard author\"> <span class=\"fn\"><a title=\"Entradas de Alcaldia de Bucaramanga\" href=\"https:\/\/www.bucaramanga.gov.co\/noticias\/author\/jrodriguezc\/\" rel=\"author\">Alcaldia de Bucaramanga<\/a><\/span> <\/span> \u00b7 <span class=\"published\">25 septiembre, 2019<\/span><\/p>\n<div class=\"clear\"><em>Los dos colegios del sector oficial son los primeros de Bucaramanga con \u00e9nfasis en una segunda lengua.<\/em><\/div>\n<div><\/div>\n<div><img decoding=\"async\" loading=\"lazy\" class=\"size-full wp-image-14353 alignnone\" src=\"https:\/\/www.seb.gov.co\/wp-content\/uploads\/2019\/10\/img_enfasisingles.jpg\" alt=\"\" width=\"871\" height=\"386\" srcset=\"https:\/\/www.seb.gov.co\/wp-content\/uploads\/2019\/10\/img_enfasisingles.jpg 871w, https:\/\/www.seb.gov.co\/wp-content\/uploads\/2019\/10\/img_enfasisingles-300x133.jpg 300w, https:\/\/www.seb.gov.co\/wp-content\/uploads\/2019\/10\/img_enfasisingles-768x340.jpg 768w\" sizes=\"(max-width: 871px) 100vw, 871px\" \/><\/div>\n<div>\n<div class=\"wp-playlist-tracks\">\n<div class=\"wp-playlist-item wp-playlist-playing\">\n<hr \/>\n<\/div>\n<div class=\"wp-playlist-item wp-playlist-playing\"><strong>1. <span class=\"wp-playlist-item-title\">Jos\u00e9 de Jes\u00fas Moreno, rector I.E. Bicentenario<\/span><\/strong><\/div>\n<div>\n<!--[if lt IE 9]><script>document.createElement('audio');<\/script><![endif]-->\n<audio class=\"wp-audio-shortcode\" id=\"audio-14352-1\" preload=\"none\" style=\"width: 100%;\" controls=\"controls\"><source type=\"audio\/mpeg\" src=\"https:\/\/www.bucaramanga.gov.co\/noticias\/wp-content\/uploads\/2019\/09\/Jose%CC%81-de-Jesu%CC%81s-Moreno-rector-Bicentenario-PROCESO-BILINGUISMO.mp3?_=1\" \/><a href=\"https:\/\/www.bucaramanga.gov.co\/noticias\/wp-content\/uploads\/2019\/09\/Jose%CC%81-de-Jesu%CC%81s-Moreno-rector-Bicentenario-PROCESO-BILINGUISMO.mp3\">https:\/\/www.bucaramanga.gov.co\/noticias\/wp-content\/uploads\/2019\/09\/Jose%CC%81-de-Jesu%CC%81s-Moreno-rector-Bicentenario-PROCESO-BILINGUISMO.mp3<\/a><\/audio>\n<div>\n<div class=\"wp-playlist-item\"><strong> 2. <span class=\"wp-playlist-item-title\">Hno. Juan Diego Rico, rector San Jos\u00e9 De La Salle<\/span><\/strong><\/div>\n<div>\n<audio class=\"wp-audio-shortcode\" id=\"audio-14352-2\" preload=\"none\" style=\"width: 100%;\" controls=\"controls\"><source type=\"audio\/mpeg\" src=\"https:\/\/www.bucaramanga.gov.co\/noticias\/wp-content\/uploads\/2019\/09\/Hno-Diego-Armando-Rico-rector-San-Jose%CC%81-de-la-Salle-PROCESO-BILINGUISMO.mp3?_=2\" \/><a href=\"https:\/\/www.bucaramanga.gov.co\/noticias\/wp-content\/uploads\/2019\/09\/Hno-Diego-Armando-Rico-rector-San-Jose%CC%81-de-la-Salle-PROCESO-BILINGUISMO.mp3\">https:\/\/www.bucaramanga.gov.co\/noticias\/wp-content\/uploads\/2019\/09\/Hno-Diego-Armando-Rico-rector-San-Jose%CC%81-de-la-Salle-PROCESO-BILINGUISMO.mp3<\/a><\/audio>\n<div>\n<div class=\"wp-playlist-item\"><strong> 3. <span class=\"wp-playlist-item-title\">Ra\u00fal Garc\u00eda, gerente del Programa Municipal de Biling\u00fcismo<\/span><\/strong><\/div>\n<div>\n<audio class=\"wp-audio-shortcode\" id=\"audio-14352-3\" preload=\"none\" style=\"width: 100%;\" controls=\"controls\"><source type=\"audio\/mpeg\" src=\"https:\/\/www.bucaramanga.gov.co\/noticias\/wp-content\/uploads\/2019\/09\/Rau%CC%81l-Garci%CC%81a-gerente-programa-municipal-de-bilinguismo-OK.mp3?_=3\" \/><a href=\"https:\/\/www.bucaramanga.gov.co\/noticias\/wp-content\/uploads\/2019\/09\/Rau%CC%81l-Garci%CC%81a-gerente-programa-municipal-de-bilinguismo-OK.mp3\">https:\/\/www.bucaramanga.gov.co\/noticias\/wp-content\/uploads\/2019\/09\/Rau%CC%81l-Garci%CC%81a-gerente-programa-municipal-de-bilinguismo-OK.mp3<\/a><\/audio>\n<div>\n<hr \/>\n<\/div>\n<\/div>\n<\/div>\n<div>\n<p>Preparar ciudadanos para el siglo XXI que sean competentes en el mundo globalizado, hace parte del prop\u00f3sito que persigue la institucionalizaci\u00f3n del \u00e9nfasis en ingl\u00e9s que tendr\u00e1n desde el pr\u00f3ximo a\u00f1o las instituciones educativas oficiales San Jos\u00e9 De La Salle y la instituci\u00f3n educativa Bicentenario.<\/p>\n<p>En reuni\u00f3n que se cumpli\u00f3 en el despacho de la secretaria de Educaci\u00f3n del Municipio, Ana Leonor Rueda, los dos rectores de las instituciones que comenzar\u00e1n este proceso, escucharon los lineamientos que contempla la conformaci\u00f3n del \u00e9nfasis en una segunda lengua.<\/p>\n<p>Ra\u00fal Garc\u00eda, gerente del Programa Municipal de Biling\u00fcismo y coordinador del ajuste y proceso, indic\u00f3 que la reuni\u00f3n permite conformar el modelo de educaci\u00f3n biling\u00fce en los colegios seleccionados.<\/p>\n<p>La primera parte del proceso consiste en determinar la pertinencia del modelo educativo biling\u00fce y conocer los tipos de modelos que hay en Colombia, adem\u00e1s facilita los pasos que se deben dar para alcanzar el modelo elegido.<\/p>\n<blockquote><p><em><strong>\u201cAcordamos unas reuniones iniciales, les contamos como se hace el proceso y el objetivo de esta primera parte del proceso\u201d, se\u00f1al\u00f3 el encargado de coordinar este ajuste.<\/strong><\/em><\/p><\/blockquote>\n<p>Estos contactos iniciales deben darse esta semana con la comunidad educativa, directivos docentes, docentes y padres de familia para recoger la informaci\u00f3n necesaria y por consenso dar los pasos hacia el modelo educativo biling\u00fce.<\/p>\n<p><strong><u>OPINIONES<\/u><\/strong><strong>\u00a0<\/strong><\/p>\n<p><strong>Hno. Juan Diego Rico, rector San Jos\u00e9 De La Salle: <\/strong>\u201cLa educaci\u00f3n tiene que estar revisando los desaf\u00edos hacia el mundo de hoy y eso implica manejar una segunda lengua\u201d.<\/p>\n<p><strong>Jos\u00e9 de Jes\u00fas Moreno, rector I.E. Bicentenario: <\/strong>\u201cYa vamos a tener reuni\u00f3n con docentes, posteriormente con padres de familia y vamos concretando el proyecto. Estamos entusiasmados muy animados\u201d.<\/p>\n<p>&nbsp;<\/p>\n<p><strong>Por: \u00c9dgar A. S\u00e1nchez<\/strong><\/p>\n<\/div>\n<\/div>\n<\/div>\n<\/div>\n<\/div>\n<\/div>\n","protected":false},"excerpt":{"rendered":"<p>por Alcaldia de Bucaramanga \u00b7 25 septiembre, 2019 Los dos colegios del sector oficial son los primeros de Bucaramanga con \u00e9nfasis en una segunda lengua. 1. Jos\u00e9 de Jes\u00fas Moreno, rector I.E. Bicentenario 2. Hno. Juan Diego Rico, rector San Jos\u00e9 De La Salle 3. Ra\u00fal Garc\u00eda, gerente del Programa Municipal de Biling\u00fcismo Preparar ciudadanos [&hellip;]<\/p>\n","protected":false},"author":1,"featured_media":14353,"comment_status":"open","ping_status":"open","sticky":false,"template":"","format":"standard","meta":{"_bbp_topic_count":0,"_bbp_reply_count":0,"_bbp_total_topic_count":0,"_bbp_total_reply_count":0,"_bbp_voice_count":0,"_bbp_anonymous_reply_count":0,"_bbp_topic_count_hidden":0,"_bbp_reply_count_hidden":0,"_bbp_forum_subforum_count":0,"footnotes":""},"categories":[1],"tags":[],"_links":{"self":[{"href":"https:\/\/www.seb.gov.co\/index.php\/wp-json\/wp\/v2\/posts\/14352"}],"collection":[{"href":"https:\/\/www.seb.gov.co\/index.php\/wp-json\/wp\/v2\/posts"}],"about":[{"href":"https:\/\/www.seb.gov.co\/index.php\/wp-json\/wp\/v2\/types\/post"}],"author":[{"embeddable":true,"href":"https:\/\/www.seb.gov.co\/index.php\/wp-json\/wp\/v2\/users\/1"}],"replies":[{"embeddable":true,"href":"https:\/\/www.seb.gov.co\/index.php\/wp-json\/wp\/v2\/comments?post=14352"}],"version-history":[{"count":4,"href":"https:\/\/www.seb.gov.co\/index.php\/wp-json\/wp\/v2\/posts\/14352\/revisions"}],"predecessor-version":[{"id":14357,"href":"https:\/\/www.seb.gov.co\/index.php\/wp-json\/wp\/v2\/posts\/14352\/revisions\/14357"}],"wp:featuredmedia":[{"embeddable":true,"href":"https:\/\/www.seb.gov.co\/index.php\/wp-json\/wp\/v2\/media\/14353"}],"wp:attachment":[{"href":"https:\/\/www.seb.gov.co\/index.php\/wp-json\/wp\/v2\/media?parent=14352"}],"wp:term":[{"taxonomy":"category","embeddable":true,"href":"https:\/\/www.seb.gov.co\/index.php\/wp-json\/wp\/v2\/categories?post=14352"},{"taxonomy":"post_tag","embeddable":true,"href":"https:\/\/www.seb.gov.co\/index.php\/wp-json\/wp\/v2\/tags?post=14352"}],"curies":[{"name":"wp","href":"https:\/\/api.w.org\/{rel}","templated":true}]}}