{"id":14349,"date":"2019-09-25T08:56:32","date_gmt":"2019-09-25T08:56:32","guid":{"rendered":"https:\/\/www.seb.gov.co\/?p=14349"},"modified":"2019-10-30T20:32:23","modified_gmt":"2019-10-30T20:32:23","slug":"en-cumbre-de-lideres-de-la-educacion-secretaria-de-educacion-hablo-sobre-las-experiencias-exitosas-en-bucaramanga","status":"publish","type":"post","link":"https:\/\/www.seb.gov.co\/index.php\/2019\/09\/25\/en-cumbre-de-lideres-de-la-educacion-secretaria-de-educacion-hablo-sobre-las-experiencias-exitosas-en-bucaramanga\/","title":{"rendered":"En Cumbre de l\u00edderes de la Educaci\u00f3n, Secretaria de Educaci\u00f3n habl\u00f3 sobre las experiencias exitosas en Bucaramanga"},"content":{"rendered":"<p class=\"post-byline\">por <span class=\"vcard author\"> <span class=\"fn\"><a title=\"Entradas de Alcaldia de Bucaramanga\" href=\"https:\/\/www.bucaramanga.gov.co\/noticias\/author\/jrodriguezc\/\" rel=\"author\">Alcaldia de Bucaramanga<\/a><\/span> <\/span> \u00b7 <span class=\"published\">25 septiembre, 2019<\/span><\/p>\n<div class=\"clear\"><em>Por los avances logrados en tres a\u00f1os, el Programa Municipal de Biling\u00fcismo llam\u00f3 la atenci\u00f3n de los asistentes.<\/em><\/div>\n<div><\/div>\n<div><img decoding=\"async\" loading=\"lazy\" class=\"size-full wp-image-14350 alignnone\" src=\"https:\/\/www.seb.gov.co\/wp-content\/uploads\/2019\/10\/img_cumbrelideres.png\" alt=\"\" width=\"871\" height=\"386\" srcset=\"https:\/\/www.seb.gov.co\/wp-content\/uploads\/2019\/10\/img_cumbrelideres.png 871w, https:\/\/www.seb.gov.co\/wp-content\/uploads\/2019\/10\/img_cumbrelideres-300x133.png 300w, https:\/\/www.seb.gov.co\/wp-content\/uploads\/2019\/10\/img_cumbrelideres-768x340.png 768w\" sizes=\"(max-width: 871px) 100vw, 871px\" \/><\/div>\n<div>\n<div>\n<hr \/>\n<p><strong>Ana Leonor Rueda Vivas, secretaria Educaci\u00f3n Bucaramanga<\/strong><\/p>\n<\/div>\n<!--[if lt IE 9]><script>document.createElement('audio');<\/script><![endif]-->\n<audio class=\"wp-audio-shortcode\" id=\"audio-14349-1\" preload=\"none\" style=\"width: 100%;\" controls=\"controls\"><source type=\"audio\/mpeg\" src=\"https:\/\/www.bucaramanga.gov.co\/noticias\/wp-content\/uploads\/2019\/09\/Ana-Leonor-Rueda-secretaria-educacio%CC%81n-Bucaramanga-CUMBRE-LIDERES.mp3?_=1\" \/><a href=\"https:\/\/www.bucaramanga.gov.co\/noticias\/wp-content\/uploads\/2019\/09\/Ana-Leonor-Rueda-secretaria-educacio%CC%81n-Bucaramanga-CUMBRE-LIDERES.mp3\">https:\/\/www.bucaramanga.gov.co\/noticias\/wp-content\/uploads\/2019\/09\/Ana-Leonor-Rueda-secretaria-educacio%CC%81n-Bucaramanga-CUMBRE-LIDERES.mp3<\/a><\/audio>\n<hr \/>\n<\/div>\n<p>La Secretaria de Educaci\u00f3n de Bucaramanga estuvo presente en la Cumbre Nacional que se cumpli\u00f3 en la capital de la Rep\u00fablica, cuyo tema central fue la educaci\u00f3n, all\u00ed, como forista, explic\u00f3 los programas b\u00e1sicos que en la ciudad son exitosos.<\/p>\n<p>En su intervenci\u00f3n, la funcionaria se refiri\u00f3 a los programas innovadores que le dieron brillo a la administraci\u00f3n local por el \u00e9xito que alcanzaron. Entre ellos, mencion\u00f3 la repotenciaci\u00f3n de la infraestructura educativa, el Programa Municipal de Biling\u00fcismo y los resultados favorables que se han obtenido con las pruebas de Estado.<\/p>\n<p>Llam\u00f3 la atenci\u00f3n de asistentes y l\u00edderes en educaci\u00f3n la creaci\u00f3n de cuatro ludotecas para la atenci\u00f3n de la primera infancia, programas que funcionan en sitios vulnerables de la ciudad.<\/p>\n<p>Asimismo, el apoyo en becas de educaci\u00f3n superior y su transformaci\u00f3n. Actualmente este programa tiene 13 convenios firmados con instituciones de educaci\u00f3n superior y brinda la oportunidad a 1.300 estudiantes de escasos recursos.<\/p>\n<p>Como balance de esta participaci\u00f3n la Secretaria de Educaci\u00f3n destac\u00f3 el Programa Municipal de Biling\u00fcismo y los logros en infraestructura escolar, con una inversi\u00f3n cercana a los $ 80 mil millones.<\/p>\n<p>\u201cBucaramanga sigue estando en el concierto nacional dentro del tema de la calidad educativa y somos un municipio de referencia\u201d, sostuvo la titular de esta cartera.<\/p>\n<p>Adem\u00e1s de Bucaramanga, estuvieron presentes con sus experiencias exitosas las secretar\u00edas de Educaci\u00f3n de Bogot\u00e1, Medell\u00edn y Tolima.<\/p>\n<p>Durante el foro se trataron temas basados en c\u00f3mo encontr\u00f3 la educaci\u00f3n y en c\u00f3mo la deja, los avances en las pruebas saber, resultados de los programas implementados, calidad de los docentes, lecciones y aprendizajes.<\/p>\n<p>&nbsp;<\/p>\n<p>Por: \u00c9dgar A. S\u00e1nchez<\/p>\n<div><\/div>\n","protected":false},"excerpt":{"rendered":"<p>por Alcaldia de Bucaramanga \u00b7 25 septiembre, 2019 Por los avances logrados en tres a\u00f1os, el Programa Municipal de Biling\u00fcismo llam\u00f3 la atenci\u00f3n de los asistentes. Ana Leonor Rueda Vivas, secretaria Educaci\u00f3n Bucaramanga La Secretaria de Educaci\u00f3n de Bucaramanga estuvo presente en la Cumbre Nacional que se cumpli\u00f3 en la capital de la Rep\u00fablica, cuyo [&hellip;]<\/p>\n","protected":false},"author":1,"featured_media":14350,"comment_status":"open","ping_status":"open","sticky":false,"template":"","format":"standard","meta":{"_bbp_topic_count":0,"_bbp_reply_count":0,"_bbp_total_topic_count":0,"_bbp_total_reply_count":0,"_bbp_voice_count":0,"_bbp_anonymous_reply_count":0,"_bbp_topic_count_hidden":0,"_bbp_reply_count_hidden":0,"_bbp_forum_subforum_count":0,"footnotes":""},"categories":[1],"tags":[],"_links":{"self":[{"href":"https:\/\/www.seb.gov.co\/index.php\/wp-json\/wp\/v2\/posts\/14349"}],"collection":[{"href":"https:\/\/www.seb.gov.co\/index.php\/wp-json\/wp\/v2\/posts"}],"about":[{"href":"https:\/\/www.seb.gov.co\/index.php\/wp-json\/wp\/v2\/types\/post"}],"author":[{"embeddable":true,"href":"https:\/\/www.seb.gov.co\/index.php\/wp-json\/wp\/v2\/users\/1"}],"replies":[{"embeddable":true,"href":"https:\/\/www.seb.gov.co\/index.php\/wp-json\/wp\/v2\/comments?post=14349"}],"version-history":[{"count":1,"href":"https:\/\/www.seb.gov.co\/index.php\/wp-json\/wp\/v2\/posts\/14349\/revisions"}],"predecessor-version":[{"id":14351,"href":"https:\/\/www.seb.gov.co\/index.php\/wp-json\/wp\/v2\/posts\/14349\/revisions\/14351"}],"wp:featuredmedia":[{"embeddable":true,"href":"https:\/\/www.seb.gov.co\/index.php\/wp-json\/wp\/v2\/media\/14350"}],"wp:attachment":[{"href":"https:\/\/www.seb.gov.co\/index.php\/wp-json\/wp\/v2\/media?parent=14349"}],"wp:term":[{"taxonomy":"category","embeddable":true,"href":"https:\/\/www.seb.gov.co\/index.php\/wp-json\/wp\/v2\/categories?post=14349"},{"taxonomy":"post_tag","embeddable":true,"href":"https:\/\/www.seb.gov.co\/index.php\/wp-json\/wp\/v2\/tags?post=14349"}],"curies":[{"name":"wp","href":"https:\/\/api.w.org\/{rel}","templated":true}]}}