{"id":13837,"date":"2019-05-29T10:06:59","date_gmt":"2019-05-29T10:06:59","guid":{"rendered":"https:\/\/www.seb.gov.co\/?p=13837"},"modified":"2019-06-10T22:41:41","modified_gmt":"2019-06-10T22:41:41","slug":"con-una-inversion-de-892-millones-se-transformo-a-la-institucion-educativa-club-union-sede-d","status":"publish","type":"post","link":"https:\/\/www.seb.gov.co\/index.php\/2019\/05\/29\/con-una-inversion-de-892-millones-se-transformo-a-la-institucion-educativa-club-union-sede-d\/","title":{"rendered":"Con una inversi\u00f3n de $892 millones se transform\u00f3 a la instituci\u00f3n educativa Club Uni\u00f3n Sede D"},"content":{"rendered":"<p class=\"post-byline\">POR\u00a0<span class=\"vcard author\"><span class=\"fn\"><a title=\"Entradas de Alcaldia de Bucaramanga\" href=\"https:\/\/www.bucaramanga.gov.co\/noticias\/author\/jrodriguezc\/\" rel=\"author\">ALCALDIA DE BUCARAMANGA<\/a><\/span>\u00a0<\/span>\u00b7\u00a0<span class=\"published\">29 MAYO, 2019<\/span><\/p>\n<div class=\"clear\"><em>El Gobierno de los Ciudadanos destina con transparencia los recursos de los contribuyentes para llevarles bienestar a quienes m\u00e1s lo necesitan. El proyecto contempl\u00f3 mejoras en los salones, ba\u00f1os, comedor escolar, cubierta, iluminaci\u00f3n y zona de juegos infantiles, entre otros aspectos.<\/em><\/div>\n<div><\/div>\n<div><img decoding=\"async\" loading=\"lazy\" class=\"alignnone size-full wp-image-13838\" src=\"https:\/\/www.seb.gov.co\/wp-content\/uploads\/2019\/06\/img_clubunionseded.jpg\" alt=\"\" width=\"871\" height=\"386\" \/><\/div>\n<div>\n<hr \/>\n<\/div>\n<div><strong>1. Iv\u00e1n Acevedo, director del Taller de Arquitectura del Municipio<\/strong><\/div>\n<div>\n<!--[if lt IE 9]><script>document.createElement('audio');<\/script><![endif]-->\n<audio class=\"wp-audio-shortcode\" id=\"audio-13837-1\" preload=\"none\" style=\"width: 100%;\" controls=\"controls\"><source type=\"audio\/mpeg\" src=\"https:\/\/www.bucaramanga.gov.co\/noticias\/wp-content\/uploads\/2019\/05\/AudioIvanTaller.mp3?_=1\" \/><a href=\"https:\/\/www.bucaramanga.gov.co\/noticias\/wp-content\/uploads\/2019\/05\/AudioIvanTaller.mp3\">https:\/\/www.bucaramanga.gov.co\/noticias\/wp-content\/uploads\/2019\/05\/AudioIvanTaller.mp3<\/a><\/audio>\n<\/div>\n<div><strong>2.\u00a0<span class=\"wp-playlist-item-title\">Manuel Francisco Azuero, alcalde (e) de Bucaramanga<\/span><\/strong><\/div>\n<div>\n<audio class=\"wp-audio-shortcode\" id=\"audio-13837-2\" preload=\"none\" style=\"width: 100%;\" controls=\"controls\"><source type=\"audio\/mpeg\" src=\"https:\/\/www.bucaramanga.gov.co\/noticias\/wp-content\/uploads\/2019\/05\/AudioManoloClubUnionSedeD.mp3?_=2\" \/><a href=\"https:\/\/www.bucaramanga.gov.co\/noticias\/wp-content\/uploads\/2019\/05\/AudioManoloClubUnionSedeD.mp3\">https:\/\/www.bucaramanga.gov.co\/noticias\/wp-content\/uploads\/2019\/05\/AudioManoloClubUnionSedeD.mp3<\/a><\/audio>\n<hr \/>\n<p>La inversi\u00f3n en este colegio, ubicado en el barrio Olas Bajas, en el Norte de Bucaramanga, demuestra\u00a0\u00a0 que con acciones contundentes se cierran brechas, se incentiva la competitividad y se crea una movilidad social.<\/p>\n<blockquote><p><strong><em>\u201cHicimos una renovaci\u00f3n integral de la infraestructura para que nuestros ni\u00f1os y j\u00f3venes se puedan formar en espacios dignos, amables y atractivos, que refuerzan la calidad de los procesos pedag\u00f3gicos\u201d, expres\u00f3\u00a0<\/em>Manuel Francisco Azuero, alcalde (e) de Bucaramanga.<\/strong><\/p><\/blockquote>\n<p><strong>\u00a0<\/strong><strong>Cerca de 357 estudiantes (en horario de la tarde sede del colegio Villas de San Ignacio) son favorecidos con estas obras.\u00a0<\/strong>El Consorcio Locativas 2018, ganador del proceso de contrataci\u00f3n en donde se presentaron 96 proponentes, fue el encargado de ejecutar el contrato.<\/p>\n<hr \/>\n<div class=\"fusion-slider-sc flexslider flexslider-hover-type-none\" style=\"max-width:100%;height:100%;\"><ul class=\"slides\">\n<li class=\"image\"><span class=\"hover-type-none\"><img src=\"https:\/\/www.seb.gov.co\/wp-content\/uploads\/2019\/06\/img_clubuniond1.jpg\" \/><\/span><\/li>\n<li class=\"image\"><span class=\"hover-type-none\"><img src=\"https:\/\/www.seb.gov.co\/wp-content\/uploads\/2019\/06\/img_clubuniond2.jpg\" \/><\/span><\/li>\n<li class=\"image\"><span class=\"hover-type-none\"><img src=\"https:\/\/www.seb.gov.co\/wp-content\/uploads\/2019\/06\/img_clubuniond3.jpg\" \/><\/span><\/li>\n<li class=\"image\"><span class=\"hover-type-none\"><img src=\"https:\/\/www.seb.gov.co\/wp-content\/uploads\/2019\/06\/img_clubuniond4.jpg\" \/><\/span><\/li>\n<li class=\"image\"><span class=\"hover-type-none\"><img src=\"https:\/\/www.seb.gov.co\/wp-content\/uploads\/2019\/06\/img_clubuniond5.jpg\" \/><\/span><\/li>\n<\/ul><\/div>\n<hr \/>\n<blockquote><p><em><strong>\u201cLa renovaci\u00f3n fue completa. Hemos revitalizado el patio para el disfrute de los ni\u00f1os. Ahora contemplan \u00e1reas de juegos, que antes no exist\u00edan. Asimismo, el per\u00edmetro est\u00e1 hecho con superficies vegetales para mejorar el clima\u201d, coment\u00f3 Iv\u00e1n Acevedo, director del Taller de Arquitectura del Municipio.<\/strong><\/em><\/p><\/blockquote>\n<p>La recuperaci\u00f3n de territorios olvidados durante a\u00f1os, ocupan un lugar prioritario en el Plan de Desarrollo del actual gobierno y se convierten en una herramienta eficaz para combatir la inequidad. \u00a1Lo Estamos Haciendo!<\/p>\n<hr \/>\n<div class=\"fusion-video fusion-youtube\" style=\"max-width:750px;max-height:450px;\"><div class=\"video-shortcode\"><iframe title=\"YouTube video player\" src=\"https:\/\/www.youtube.com\/embed\/mAj5SPsSp6w?wmode=transparent&autoplay=0\" width=\"750\" height=\"450\" frameborder=\"0\" allowfullscreen><\/iframe><\/div><\/div>\n<\/div>\n","protected":false},"excerpt":{"rendered":"<p>POR\u00a0ALCALDIA DE BUCARAMANGA\u00a0\u00b7\u00a029 MAYO, 2019 El Gobierno de los Ciudadanos destina con transparencia los recursos de los contribuyentes para llevarles bienestar a quienes m\u00e1s lo necesitan. El proyecto contempl\u00f3 mejoras en los salones, ba\u00f1os, comedor escolar, cubierta, iluminaci\u00f3n y zona de juegos infantiles, entre otros aspectos. 1. Iv\u00e1n Acevedo, director del Taller de Arquitectura del [&hellip;]<\/p>\n","protected":false},"author":1,"featured_media":13838,"comment_status":"open","ping_status":"open","sticky":false,"template":"","format":"standard","meta":{"_bbp_topic_count":0,"_bbp_reply_count":0,"_bbp_total_topic_count":0,"_bbp_total_reply_count":0,"_bbp_voice_count":0,"_bbp_anonymous_reply_count":0,"_bbp_topic_count_hidden":0,"_bbp_reply_count_hidden":0,"_bbp_forum_subforum_count":0,"footnotes":""},"categories":[1],"tags":[],"_links":{"self":[{"href":"https:\/\/www.seb.gov.co\/index.php\/wp-json\/wp\/v2\/posts\/13837"}],"collection":[{"href":"https:\/\/www.seb.gov.co\/index.php\/wp-json\/wp\/v2\/posts"}],"about":[{"href":"https:\/\/www.seb.gov.co\/index.php\/wp-json\/wp\/v2\/types\/post"}],"author":[{"embeddable":true,"href":"https:\/\/www.seb.gov.co\/index.php\/wp-json\/wp\/v2\/users\/1"}],"replies":[{"embeddable":true,"href":"https:\/\/www.seb.gov.co\/index.php\/wp-json\/wp\/v2\/comments?post=13837"}],"version-history":[{"count":17,"href":"https:\/\/www.seb.gov.co\/index.php\/wp-json\/wp\/v2\/posts\/13837\/revisions"}],"predecessor-version":[{"id":13845,"href":"https:\/\/www.seb.gov.co\/index.php\/wp-json\/wp\/v2\/posts\/13837\/revisions\/13845"}],"wp:featuredmedia":[{"embeddable":true,"href":"https:\/\/www.seb.gov.co\/index.php\/wp-json\/wp\/v2\/media\/13838"}],"wp:attachment":[{"href":"https:\/\/www.seb.gov.co\/index.php\/wp-json\/wp\/v2\/media?parent=13837"}],"wp:term":[{"taxonomy":"category","embeddable":true,"href":"https:\/\/www.seb.gov.co\/index.php\/wp-json\/wp\/v2\/categories?post=13837"},{"taxonomy":"post_tag","embeddable":true,"href":"https:\/\/www.seb.gov.co\/index.php\/wp-json\/wp\/v2\/tags?post=13837"}],"curies":[{"name":"wp","href":"https:\/\/api.w.org\/{rel}","templated":true}]}}