{"id":13559,"date":"2019-04-09T08:43:40","date_gmt":"2019-04-09T08:43:40","guid":{"rendered":"https:\/\/www.seb.gov.co\/?p=13559"},"modified":"2019-04-10T14:15:30","modified_gmt":"2019-04-10T14:15:30","slug":"alcalde-de-bucaramanga-dejo-los-puntos-claros-sobre-la-situacion-con-el-instituto-de-problemas-de-aprendizaje-ipa","status":"publish","type":"post","link":"https:\/\/www.seb.gov.co\/index.php\/2019\/04\/09\/alcalde-de-bucaramanga-dejo-los-puntos-claros-sobre-la-situacion-con-el-instituto-de-problemas-de-aprendizaje-ipa\/","title":{"rendered":"Alcalde de Bucaramanga dej\u00f3 los puntos claros sobre la situaci\u00f3n con el Instituto de Problemas de Aprendizaje, IPA"},"content":{"rendered":"<p>POR\u00a0<span class=\"vcard author\"><span class=\"fn\"><a title=\"Entradas de Alcaldia de Bucaramanga\" href=\"https:\/\/www.bucaramanga.gov.co\/noticias\/author\/jrodriguezc\/\" rel=\"author\">ALCALDIA DE BUCARAMANGA<\/a><\/span>\u00a0<\/span>\u00b7\u00a0<span class=\"published\">9 ABRIL, 2019<\/span><\/p>\n<p><em>Es de anotar que\u00a0 a\u00a0trav\u00e9s de la resoluci\u00f3n 1169 de 2019, el Gobierno de los Ciudadanos resolvi\u00f3 reestructurar mediante un proceso de integraci\u00f3n al IPA con la instituci\u00f3n educativa Polit\u00e9cnico \u2013 sede E<\/em><\/p>\n<hr \/>\n<p><strong>Rodolfo Hern\u00e1ndez Su\u00e1rez, alcalde de Bucaramanga<\/strong><\/p>\n<!--[if lt IE 9]><script>document.createElement('audio');<\/script><![endif]-->\n<audio class=\"wp-audio-shortcode\" id=\"audio-13559-1\" preload=\"none\" style=\"width: 100%;\" controls=\"controls\"><source type=\"audio\/mpeg\" src=\"https:\/\/www.bucaramanga.gov.co\/noticias\/wp-content\/uploads\/2019\/04\/AlcaldeIPA.mp3?_=1\" \/><a href=\"https:\/\/www.bucaramanga.gov.co\/noticias\/wp-content\/uploads\/2019\/04\/AlcaldeIPA.mp3\">https:\/\/www.bucaramanga.gov.co\/noticias\/wp-content\/uploads\/2019\/04\/AlcaldeIPA.mp3<\/a><\/audio>\n<p><span style=\"color: #77d439;\"><a style=\"color: #77d439;\" href=\"https:\/\/www.bucaramanga.gov.co\/noticias\/wp-content\/uploads\/2019\/04\/AlcaldeIPA.mp3\" target=\"_blank\" rel=\"noopener noreferrer\"><strong>Descargar audio<\/strong><\/a><\/span><\/p>\n<hr \/>\n<p>El mandatario de los bumangueses, Rodolfo Hern\u00e1ndez Su\u00e1rez, rese\u00f1\u00f3 algunos comportamientos indebidos que se registraban en este centro de ense\u00f1anza ubicado en la calle 64 # 10 \u2013 40, en Real de Minas.<\/p>\n<blockquote><p><em><strong>\u00a0\u201cUtilizaban a los ni\u00f1os en condici\u00f3n de discapacidad para sacar provecho. Esperanza Vera era la rectora del Instituto de Problemas de Aprendizaje, IPA, y ten\u00eda montada una IPS (Instituto Prestador de Servicios de salud) en el lugar. Vamos a esculcarle las cuentas, para d\u00f3nde iba esa plata, por qu\u00e9 mont\u00f3 eso sin pagar arriendo, ni luz y ni agua. Utilizando los bienes del Estado\u201d, dijo Hern\u00e1ndez Su\u00e1rez.\u00a0\u00a0\u00a0<\/strong><\/em><\/p><\/blockquote>\n<p>La Secretar\u00eda de Educaci\u00f3n est\u00e1 convencida\u00a0<strong>que la mejor orientaci\u00f3n para las personas con discapacidad sucede en los colegios regulares, puesto que comparten e interact\u00faan con el resto de los menores y desarrollan habilidades para la vida.<\/strong><\/p>\n<blockquote><p><em><strong>\u201cNosotros lo que hicimos fue cumplir con el art\u00edculo 9 de la ley 715 del 2001. Por eso los ni\u00f1os del IPA estar\u00e1n con los de la instituci\u00f3neducativa Polit\u00e9cnico, sede E, en un proceso de inclusi\u00f3n. Le quitamos a la rectora fue el negocio de la IPS\u201d, agreg\u00f3 el burgomaestre. \u00a0<\/strong><\/em><\/p><\/blockquote>\n<p>En esta causa se avanza con el apoyo del Ministerio de Educaci\u00f3n. Con transparencia y dignidad se establece un camino para cerrar brechas, incentivar la competitividad y crear una movilidad social. Se puede.<\/p>\n<hr \/>\n<div class=\"fusion-video fusion-youtube\" style=\"max-width:600px;max-height:350px;\"><div class=\"video-shortcode\"><iframe title=\"YouTube video player\" src=\"https:\/\/www.youtube.com\/embed\/l7rySK4y-WM?wmode=transparent&autoplay=0\" width=\"600\" height=\"350\" frameborder=\"0\" allowfullscreen><\/iframe><\/div><\/div>\n<hr \/>\n<p><strong>Por F\u00e9lix Cristancho<\/strong><\/p>\n","protected":false},"excerpt":{"rendered":"<p>POR\u00a0ALCALDIA DE BUCARAMANGA\u00a0\u00b7\u00a09 ABRIL, 2019 Es de anotar que\u00a0 a\u00a0trav\u00e9s de la resoluci\u00f3n 1169 de 2019, el Gobierno de los Ciudadanos resolvi\u00f3 reestructurar mediante un proceso de integraci\u00f3n al IPA con la instituci\u00f3n educativa Polit\u00e9cnico \u2013 sede E Rodolfo Hern\u00e1ndez Su\u00e1rez, alcalde de Bucaramanga Descargar audio El mandatario de los bumangueses, Rodolfo Hern\u00e1ndez Su\u00e1rez, rese\u00f1\u00f3 [&hellip;]<\/p>\n","protected":false},"author":1,"featured_media":13566,"comment_status":"open","ping_status":"open","sticky":false,"template":"","format":"standard","meta":{"_bbp_topic_count":0,"_bbp_reply_count":0,"_bbp_total_topic_count":0,"_bbp_total_reply_count":0,"_bbp_voice_count":0,"_bbp_anonymous_reply_count":0,"_bbp_topic_count_hidden":0,"_bbp_reply_count_hidden":0,"_bbp_forum_subforum_count":0,"footnotes":""},"categories":[1],"tags":[],"_links":{"self":[{"href":"https:\/\/www.seb.gov.co\/index.php\/wp-json\/wp\/v2\/posts\/13559"}],"collection":[{"href":"https:\/\/www.seb.gov.co\/index.php\/wp-json\/wp\/v2\/posts"}],"about":[{"href":"https:\/\/www.seb.gov.co\/index.php\/wp-json\/wp\/v2\/types\/post"}],"author":[{"embeddable":true,"href":"https:\/\/www.seb.gov.co\/index.php\/wp-json\/wp\/v2\/users\/1"}],"replies":[{"embeddable":true,"href":"https:\/\/www.seb.gov.co\/index.php\/wp-json\/wp\/v2\/comments?post=13559"}],"version-history":[{"count":4,"href":"https:\/\/www.seb.gov.co\/index.php\/wp-json\/wp\/v2\/posts\/13559\/revisions"}],"predecessor-version":[{"id":13564,"href":"https:\/\/www.seb.gov.co\/index.php\/wp-json\/wp\/v2\/posts\/13559\/revisions\/13564"}],"wp:featuredmedia":[{"embeddable":true,"href":"https:\/\/www.seb.gov.co\/index.php\/wp-json\/wp\/v2\/media\/13566"}],"wp:attachment":[{"href":"https:\/\/www.seb.gov.co\/index.php\/wp-json\/wp\/v2\/media?parent=13559"}],"wp:term":[{"taxonomy":"category","embeddable":true,"href":"https:\/\/www.seb.gov.co\/index.php\/wp-json\/wp\/v2\/categories?post=13559"},{"taxonomy":"post_tag","embeddable":true,"href":"https:\/\/www.seb.gov.co\/index.php\/wp-json\/wp\/v2\/tags?post=13559"}],"curies":[{"name":"wp","href":"https:\/\/api.w.org\/{rel}","templated":true}]}}