{"id":12628,"date":"2019-01-26T20:14:42","date_gmt":"2019-01-26T20:14:42","guid":{"rendered":"https:\/\/www.seb.gov.co\/?p=12628"},"modified":"2019-02-05T20:14:59","modified_gmt":"2019-02-05T20:14:59","slug":"instituciones-educativas-de-promocion-social-del-norte-quedaran-como-nuevas","status":"publish","type":"post","link":"https:\/\/www.seb.gov.co\/index.php\/2019\/01\/26\/instituciones-educativas-de-promocion-social-del-norte-quedaran-como-nuevas\/","title":{"rendered":"Instituciones educativas de Promoci\u00f3n Social del Norte quedar\u00e1n como nuevas"},"content":{"rendered":"<p>POR\u00a0<span class=\"vcard author\"><span class=\"fn\"><a title=\"Entradas de Alcaldia de Bucaramanga\" href=\"https:\/\/www.bucaramanga.gov.co\/noticias\/author\/jrodriguezc\/\" rel=\"author\">ALCALDIA DE BUCARAMANGA<\/a><\/span>\u00a0<\/span>\u00b7\u00a0<span class=\"published\">26 ENERO, 2019<\/span><\/p>\n<p><em>En un mes, Promoci\u00f3n Social Norte sedes C y D ser\u00e1n unas modernas instalaciones educativas.<\/em><\/p>\n<hr \/>\n<p><strong>Ana Leonor Rueda Vivas, secretaria de Educaci\u00f3n de Bucaramanga<\/strong><\/p>\n<!--[if lt IE 9]><script>document.createElement('audio');<\/script><![endif]-->\n<audio class=\"wp-audio-shortcode\" id=\"audio-12628-1\" preload=\"none\" style=\"width: 100%;\" controls=\"controls\"><source type=\"audio\/mpeg\" src=\"https:\/\/www.bucaramanga.gov.co\/noticias\/wp-content\/uploads\/2019\/01\/Ana-leonor-Rueda-secretaria-educacion-PROMOCION-SOCIAL.mp3?_=1\" \/><a href=\"https:\/\/www.bucaramanga.gov.co\/noticias\/wp-content\/uploads\/2019\/01\/Ana-leonor-Rueda-secretaria-educacion-PROMOCION-SOCIAL.mp3\">https:\/\/www.bucaramanga.gov.co\/noticias\/wp-content\/uploads\/2019\/01\/Ana-leonor-Rueda-secretaria-educacion-PROMOCION-SOCIAL.mp3<\/a><\/audio>\n<hr \/>\n<p>Una completa transformaci\u00f3n en su infraestructura tendr\u00e1n dos instituciones educativas oficiales ubicadas en el norte de Bucaramanga. El Gobierno Local adelanta desde hace un mes la repotenciaci\u00f3n de las instalaciones escolares Promoci\u00f3n Social Norte sedes C y D.<\/p>\n<p>De acuerdo con Marcela Delgado Solano, inspectora de interventor\u00eda de la obra de la Sede C, Santa In\u00e9s, inicialmente se ten\u00eda previsto realizar mantenimiento a la sede, pero debido a que el colegio no contaba con cimentaci\u00f3n y muros estables la alcald\u00eda determin\u00f3 adelantar tareas de reforzamiento en sus estructuras.<\/p>\n<p>En esta sede se demolieron estructuras viejas y el \u00e1rea quedar\u00e1 con ba\u00f1o para discapacitados, bater\u00edas sanitarias, siete salones, dos de ellos para la primera infancia con juegos infantiles que se adecuar\u00e1n para el crecimiento y formaci\u00f3n de los ni\u00f1os.<\/p>\n<p>Esta obra podr\u00eda entregarse a comienzos del mes de marzo.<\/p>\n<p>Con respecto a la obra de la Sede D, sus instalaciones contar\u00e1n con adecuaci\u00f3n de bater\u00eda sanitaria y un sitio adecuado para el PAE con cocina comedor. En esta instituci\u00f3n se tiene previsto desmontar todas las tejas en mal estado para ubicar unas modernas cubiertas.<\/p>\n<p>La\u00a0<em>Sede D<\/em>\u00a0de Promoci\u00f3n Social Norte cuenta con nueve salones para recibir en sus aulas a m\u00e1s de 600 estudiantes. La inversi\u00f3n para esta obra es de\u00a0<em><strong>$1.024 millones<\/strong><\/em>\u00a0y contempla la renovaci\u00f3n total de las fachadas interiores, aulas y espacios comunes con la implementaci\u00f3n de elementos de color para mejorar ventilaci\u00f3n natural de los espacios.<\/p>\n<p>Ana Leonor Rueda Vivas, secretaria de Educaci\u00f3n de Bucaramanga, verific\u00f3 los avances de las dos obras que adelanta la Administraci\u00f3n, en colegios que desde hac\u00eda 20 a\u00f1os no se interven\u00edan. \u201cHay un plan de contingencia que no ha afectado el inicio del calendario escolar\u201d, expres\u00f3 la funcionaria, quien destac\u00f3 adem\u00e1s que se repotencian dos modernas instalaciones para ponerlas al servicio de la comunidad.<\/p>\n<p><strong>Por: \u00c9dgar A. S\u00e1nchez<\/strong><\/p>\n","protected":false},"excerpt":{"rendered":"<p>POR\u00a0ALCALDIA DE BUCARAMANGA\u00a0\u00b7\u00a026 ENERO, 2019 En un mes, Promoci\u00f3n Social Norte sedes C y D ser\u00e1n unas modernas instalaciones educativas. Ana Leonor Rueda Vivas, secretaria de Educaci\u00f3n de Bucaramanga Una completa transformaci\u00f3n en su infraestructura tendr\u00e1n dos instituciones educativas oficiales ubicadas en el norte de Bucaramanga. El Gobierno Local adelanta desde hace un mes la [&hellip;]<\/p>\n","protected":false},"author":1,"featured_media":12629,"comment_status":"open","ping_status":"open","sticky":false,"template":"","format":"standard","meta":{"_bbp_topic_count":0,"_bbp_reply_count":0,"_bbp_total_topic_count":0,"_bbp_total_reply_count":0,"_bbp_voice_count":0,"_bbp_anonymous_reply_count":0,"_bbp_topic_count_hidden":0,"_bbp_reply_count_hidden":0,"_bbp_forum_subforum_count":0,"footnotes":""},"categories":[1],"tags":[],"_links":{"self":[{"href":"https:\/\/www.seb.gov.co\/index.php\/wp-json\/wp\/v2\/posts\/12628"}],"collection":[{"href":"https:\/\/www.seb.gov.co\/index.php\/wp-json\/wp\/v2\/posts"}],"about":[{"href":"https:\/\/www.seb.gov.co\/index.php\/wp-json\/wp\/v2\/types\/post"}],"author":[{"embeddable":true,"href":"https:\/\/www.seb.gov.co\/index.php\/wp-json\/wp\/v2\/users\/1"}],"replies":[{"embeddable":true,"href":"https:\/\/www.seb.gov.co\/index.php\/wp-json\/wp\/v2\/comments?post=12628"}],"version-history":[{"count":1,"href":"https:\/\/www.seb.gov.co\/index.php\/wp-json\/wp\/v2\/posts\/12628\/revisions"}],"predecessor-version":[{"id":12630,"href":"https:\/\/www.seb.gov.co\/index.php\/wp-json\/wp\/v2\/posts\/12628\/revisions\/12630"}],"wp:featuredmedia":[{"embeddable":true,"href":"https:\/\/www.seb.gov.co\/index.php\/wp-json\/wp\/v2\/media\/12629"}],"wp:attachment":[{"href":"https:\/\/www.seb.gov.co\/index.php\/wp-json\/wp\/v2\/media?parent=12628"}],"wp:term":[{"taxonomy":"category","embeddable":true,"href":"https:\/\/www.seb.gov.co\/index.php\/wp-json\/wp\/v2\/categories?post=12628"},{"taxonomy":"post_tag","embeddable":true,"href":"https:\/\/www.seb.gov.co\/index.php\/wp-json\/wp\/v2\/tags?post=12628"}],"curies":[{"name":"wp","href":"https:\/\/api.w.org\/{rel}","templated":true}]}}